{"id":1759,"date":"2017-03-09T22:11:44","date_gmt":"2017-03-09T21:11:44","guid":{"rendered":"http:\/\/www.bremer-imker.de\/bremer-imkerverein\/?p=1759"},"modified":"2017-03-09T22:11:44","modified_gmt":"2017-03-09T21:11:44","slug":"imkerabend-am-07-03-2017","status":"publish","type":"post","link":"https:\/\/www.bremer-imker.de\/bremer-imkerverein\/imkerabend-am-07-03-2017\/","title":{"rendered":"Imkerabend am 07.03.2017"},"content":{"rendered":"<p>Die Veranstaltung war super besucht. \u00dcber zwei Stunden referierte Rolf Witt \u00fcber Wildbienen, Wespen und Hornissen. Dabei ging er auch auf die angebliche Bedrohung durch die Asiatische Hornisse ein, die vereinzelt schon in der Bundesrepublik festgestellt wurde. In Vertiefung dieser Veranstaltung will der Vorstand einen Workshop\/Lehrgang mit Rolf Witte einrichten, um unsere Beratungskompetenz f\u00fcr die B\u00fcrger zu erh\u00f6hen. Interessierte Vereinsmitglieder, die an dieser Ausbildung teilnehmen wollen, sollen sich beim Vorstand melden.<\/p>\n<p>[foogallery id=&#8220;1760&#8243;]<\/p>\n<p>&nbsp;<\/p>\n","protected":false},"excerpt":{"rendered":"<p>Die Veranstaltung war super besucht. \u00dcber zwei Stunden referierte Rolf Witt \u00fcber Wildbienen, Wespen und Hornissen. Dabei ging er auch auf die angebliche Bedrohung durch die Asiatische Hornisse ein, die vereinzelt schon in der Bundesrepublik festgestellt wurde. In Vertiefung dieser Veranstaltung will der Vorstand einen Workshop\/Lehrgang mit Rolf Witte einrichten, um unsere Beratungskompetenz f\u00fcr die &hellip; <\/p>\n<p class=\"link-more\"><a href=\"https:\/\/www.bremer-imker.de\/bremer-imkerverein\/imkerabend-am-07-03-2017\/\" class=\"more-link\">Mehr <span class=\"screen-reader-text\">\u00fcber &#8222;Imkerabend am 07.03.2017&#8220; <\/span>Lesen<\/a><\/p>\n","protected":false},"author":2,"featured_media":0,"comment_status":"closed","ping_status":"open","sticky":false,"template":"","format":"standard","meta":{"footnotes":""},"categories":[1],"tags":[],"class_list":["post-1759","post","type-post","status-publish","format-standard","hentry","category-allgemein"],"_links":{"self":[{"href":"https:\/\/www.bremer-imker.de\/bremer-imkerverein\/wp-json\/wp\/v2\/posts\/1759","targetHints":{"allow":["GET"]}}],"collection":[{"href":"https:\/\/www.bremer-imker.de\/bremer-imkerverein\/wp-json\/wp\/v2\/posts"}],"about":[{"href":"https:\/\/www.bremer-imker.de\/bremer-imkerverein\/wp-json\/wp\/v2\/types\/post"}],"author":[{"embeddable":true,"href":"https:\/\/www.bremer-imker.de\/bremer-imkerverein\/wp-json\/wp\/v2\/users\/2"}],"replies":[{"embeddable":true,"href":"https:\/\/www.bremer-imker.de\/bremer-imkerverein\/wp-json\/wp\/v2\/comments?post=1759"}],"version-history":[{"count":1,"href":"https:\/\/www.bremer-imker.de\/bremer-imkerverein\/wp-json\/wp\/v2\/posts\/1759\/revisions"}],"predecessor-version":[{"id":1764,"href":"https:\/\/www.bremer-imker.de\/bremer-imkerverein\/wp-json\/wp\/v2\/posts\/1759\/revisions\/1764"}],"wp:attachment":[{"href":"https:\/\/www.bremer-imker.de\/bremer-imkerverein\/wp-json\/wp\/v2\/media?parent=1759"}],"wp:term":[{"taxonomy":"category","embeddable":true,"href":"https:\/\/www.bremer-imker.de\/bremer-imkerverein\/wp-json\/wp\/v2\/categories?post=1759"},{"taxonomy":"post_tag","embeddable":true,"href":"https:\/\/www.bremer-imker.de\/bremer-imkerverein\/wp-json\/wp\/v2\/tags?post=1759"}],"curies":[{"name":"wp","href":"https:\/\/api.w.org\/{rel}","templated":true}]}}