{"id":1766,"date":"2017-03-13T20:33:15","date_gmt":"2017-03-13T19:33:15","guid":{"rendered":"http:\/\/www.bremer-imker.de\/bremer-imkerverein\/?p=1766"},"modified":"2017-03-13T20:35:11","modified_gmt":"2017-03-13T19:35:11","slug":"maerz-neuses-vom-lehrbienenstand","status":"publish","type":"post","link":"https:\/\/www.bremer-imker.de\/bremer-imkerverein\/maerz-neuses-vom-lehrbienenstand\/","title":{"rendered":"M\u00e4rz &#8211; Neues vom Lehrbienenstand"},"content":{"rendered":"<p>Bild LBS 1: Auch wenn es sich am 02.03. noch nicht so anf\u00fchlte, das Fr\u00fchjahr kommt, die Bienen l\u00f6sen sich aus der Wintertraube und die Gefahr, das M\u00e4use eindringen ist gering. Die ersten Pollen werden eingetragen. Und damit die Pollen nicht im M\u00e4usegitter verloren gehen haben wir diese jetzt wieder entfernt.<\/p>\n<p>LBS 2: Die aufgelegte Hand sp\u00fcrt W\u00e4rme, = die Bienen sind vermutlich am Br\u00fcten<\/p>\n<p>LBS 3: Noch sehr \u00dcbersichtlich unser Garten mit der Bieneweide, bisher zeigen sich nur die Schneegl\u00f6ckchen<\/p>\n<p>[foogallery id=&#8220;1767&#8243;]<\/p>\n","protected":false},"excerpt":{"rendered":"<p>Bild LBS 1: Auch wenn es sich am 02.03. noch nicht so anf\u00fchlte, das Fr\u00fchjahr kommt, die Bienen l\u00f6sen sich aus der Wintertraube und die Gefahr, das M\u00e4use eindringen ist gering. Die ersten Pollen werden eingetragen. Und damit die Pollen nicht im M\u00e4usegitter verloren gehen haben wir diese jetzt wieder entfernt. LBS 2: Die aufgelegte &hellip; <\/p>\n<p class=\"link-more\"><a href=\"https:\/\/www.bremer-imker.de\/bremer-imkerverein\/maerz-neuses-vom-lehrbienenstand\/\" class=\"more-link\">Mehr <span class=\"screen-reader-text\">\u00fcber &#8222;M\u00e4rz &#8211; Neues vom Lehrbienenstand&#8220; <\/span>Lesen<\/a><\/p>\n","protected":false},"author":2,"featured_media":0,"comment_status":"closed","ping_status":"open","sticky":false,"template":"","format":"standard","meta":{"footnotes":""},"categories":[1],"tags":[],"class_list":["post-1766","post","type-post","status-publish","format-standard","hentry","category-allgemein"],"_links":{"self":[{"href":"https:\/\/www.bremer-imker.de\/bremer-imkerverein\/wp-json\/wp\/v2\/posts\/1766","targetHints":{"allow":["GET"]}}],"collection":[{"href":"https:\/\/www.bremer-imker.de\/bremer-imkerverein\/wp-json\/wp\/v2\/posts"}],"about":[{"href":"https:\/\/www.bremer-imker.de\/bremer-imkerverein\/wp-json\/wp\/v2\/types\/post"}],"author":[{"embeddable":true,"href":"https:\/\/www.bremer-imker.de\/bremer-imkerverein\/wp-json\/wp\/v2\/users\/2"}],"replies":[{"embeddable":true,"href":"https:\/\/www.bremer-imker.de\/bremer-imkerverein\/wp-json\/wp\/v2\/comments?post=1766"}],"version-history":[{"count":2,"href":"https:\/\/www.bremer-imker.de\/bremer-imkerverein\/wp-json\/wp\/v2\/posts\/1766\/revisions"}],"predecessor-version":[{"id":1772,"href":"https:\/\/www.bremer-imker.de\/bremer-imkerverein\/wp-json\/wp\/v2\/posts\/1766\/revisions\/1772"}],"wp:attachment":[{"href":"https:\/\/www.bremer-imker.de\/bremer-imkerverein\/wp-json\/wp\/v2\/media?parent=1766"}],"wp:term":[{"taxonomy":"category","embeddable":true,"href":"https:\/\/www.bremer-imker.de\/bremer-imkerverein\/wp-json\/wp\/v2\/categories?post=1766"},{"taxonomy":"post_tag","embeddable":true,"href":"https:\/\/www.bremer-imker.de\/bremer-imkerverein\/wp-json\/wp\/v2\/tags?post=1766"}],"curies":[{"name":"wp","href":"https:\/\/api.w.org\/{rel}","templated":true}]}}