{"id":1947,"date":"2017-08-16T18:37:11","date_gmt":"2017-08-16T16:37:11","guid":{"rendered":"https:\/\/www.bremer-imker.de\/bremer-imkerverein\/?p=1947"},"modified":"2017-08-16T18:37:11","modified_gmt":"2017-08-16T16:37:11","slug":"16-08-2017-bienen-behandeln","status":"publish","type":"post","link":"https:\/\/www.bremer-imker.de\/bremer-imkerverein\/16-08-2017-bienen-behandeln\/","title":{"rendered":"16.08.2017 &#8211; Bienen behandeln?"},"content":{"rendered":"<p>Liebe Bienenfreundinnen,<br \/>\nmich erreichen auch in der Ferne Fragen, ob man\/frau behandeln soll, obwohl nur wenige Milben fallen &#8211; man\/frau hat die fr\u00fcheren Behandlungstermine im Kopf!<\/p>\n<p>Also wie bereits im Juli fallen in den meisten V\u00f6lkern deutlich weniger als 10 Milben pro Tag (Ableger deutlich weniger als 5 V\u00f6lker ). Ich w\u00fcrde erst behandeln, wenn 10 Milben und mehr fallen, und zwar mit Ameisens\u00e4ure. Wenn mehr als 15 Milben pro Tag fallen, w\u00fcrde ich die verdeckelten Brutwaben anschauen und bei Brutsch\u00e4den\u00a0 (ge\u00f6ffnete Zelldeckel) die verdeckelte Brut entnehmen und entsorgen\u00a0 (einschmelzen).<\/p>\n<p>Das Warten hat folgende Gr\u00fcnde:<\/p>\n<p>Die Nebenwirkungen von AS sind h\u00f6her als der Nutzen<br \/>\nAu\u00dferdem kann sich das Wetter nur bessern, f\u00fcr eine gute Behandlung : geringe Luftfeuchtigkeit, konstante Temperaturen.<\/p>\n<p>Brutlose V\u00f6lker kann man 2x mit Milchs\u00e4ure bespr\u00fchen.\u00a0 Alternativ: 100 ml Oxals\u00e4ure tr\u00e4ufeln in der Konzentration wie im Winter, oder spr\u00fchen,\u00a0 dann aber mit anderer Konzentration\u00a0 (siehe Beipackzettel bzw Imkerzeitung ). Trotzdem ist eine Winterbehandlung m\u00f6glich,\u00a0 da es sich um andere Bienen handelt.<\/p>\n<p>Liebe Gr\u00fc\u00dfe<\/p>\n<p>Friedrich<\/p>\n","protected":false},"excerpt":{"rendered":"<p>Liebe Bienenfreundinnen, mich erreichen auch in der Ferne Fragen, ob man\/frau behandeln soll, obwohl nur wenige Milben fallen &#8211; man\/frau hat die fr\u00fcheren Behandlungstermine im Kopf! Also wie bereits im Juli fallen in den meisten V\u00f6lkern deutlich weniger als 10 Milben pro Tag (Ableger deutlich weniger als 5 V\u00f6lker ). Ich w\u00fcrde erst behandeln, wenn &hellip; <\/p>\n<p class=\"link-more\"><a href=\"https:\/\/www.bremer-imker.de\/bremer-imkerverein\/16-08-2017-bienen-behandeln\/\" class=\"more-link\">Mehr <span class=\"screen-reader-text\">\u00fcber &#8222;16.08.2017 &#8211; Bienen behandeln?&#8220; <\/span>Lesen<\/a><\/p>\n","protected":false},"author":2,"featured_media":0,"comment_status":"closed","ping_status":"open","sticky":false,"template":"","format":"standard","meta":{"footnotes":""},"categories":[1],"tags":[],"class_list":["post-1947","post","type-post","status-publish","format-standard","hentry","category-allgemein"],"_links":{"self":[{"href":"https:\/\/www.bremer-imker.de\/bremer-imkerverein\/wp-json\/wp\/v2\/posts\/1947","targetHints":{"allow":["GET"]}}],"collection":[{"href":"https:\/\/www.bremer-imker.de\/bremer-imkerverein\/wp-json\/wp\/v2\/posts"}],"about":[{"href":"https:\/\/www.bremer-imker.de\/bremer-imkerverein\/wp-json\/wp\/v2\/types\/post"}],"author":[{"embeddable":true,"href":"https:\/\/www.bremer-imker.de\/bremer-imkerverein\/wp-json\/wp\/v2\/users\/2"}],"replies":[{"embeddable":true,"href":"https:\/\/www.bremer-imker.de\/bremer-imkerverein\/wp-json\/wp\/v2\/comments?post=1947"}],"version-history":[{"count":1,"href":"https:\/\/www.bremer-imker.de\/bremer-imkerverein\/wp-json\/wp\/v2\/posts\/1947\/revisions"}],"predecessor-version":[{"id":1948,"href":"https:\/\/www.bremer-imker.de\/bremer-imkerverein\/wp-json\/wp\/v2\/posts\/1947\/revisions\/1948"}],"wp:attachment":[{"href":"https:\/\/www.bremer-imker.de\/bremer-imkerverein\/wp-json\/wp\/v2\/media?parent=1947"}],"wp:term":[{"taxonomy":"category","embeddable":true,"href":"https:\/\/www.bremer-imker.de\/bremer-imkerverein\/wp-json\/wp\/v2\/categories?post=1947"},{"taxonomy":"post_tag","embeddable":true,"href":"https:\/\/www.bremer-imker.de\/bremer-imkerverein\/wp-json\/wp\/v2\/tags?post=1947"}],"curies":[{"name":"wp","href":"https:\/\/api.w.org\/{rel}","templated":true}]}}