{"id":1956,"date":"2017-09-01T12:48:50","date_gmt":"2017-09-01T10:48:50","guid":{"rendered":"https:\/\/www.bremer-imker.de\/bremer-imkerverein\/?p=1956"},"modified":"2017-09-01T12:51:22","modified_gmt":"2017-09-01T10:51:22","slug":"vortrag-propolis-am-05-09-2017","status":"publish","type":"post","link":"https:\/\/www.bremer-imker.de\/bremer-imkerverein\/vortrag-propolis-am-05-09-2017\/","title":{"rendered":"Vortrag Propolis am 05.09.2017"},"content":{"rendered":"<p>Dr. Philip Bergh\u00f6fer (Pharmazeutische Technologie roha arzneimittel GmbH), promovierter Agrarwissenschaftler besch\u00e4ftigt sich bereits seit vielen Jahren sowohl privat als auch beruflich mit dem nat\u00fcrlichen Wirkstoff Propolis.<br \/>\nEr sieht sich selber als ein Sammler und J\u00e4ger zu allem was er zu \u00a0Propolis finden kann. Fasziniert von den Hinweise auf die Heilwirkungen von Propolis, beginnend bei arch\u00e4ologischen Ausgrabungen aus der Steinzeit, den ersten schriftlichen Hinweisen aus der Antike bis zu der explodierenden Zahl moderner wissenschaftlicher Arbeiten zu Propolis, von Abwehrschw\u00e4che bis Zahnhygiene und von Abszessen bis Wundbehandlung, ist er Hobby Imker geworden. \u00a0Die Fragen wo, wie, wann und wof\u00fcr sammelt die Biene Propolis lassen ihn seitdem nicht mehr los.<br \/>\nNach einem Vortrag zu dem aktuellen Wissenstand der Forschung zu Propolis in der Imkerei soll Zeit f\u00fcr einen angenehmen regen Austausch zu den zahlreichen offenen Fragen zu Propolis sein.<\/p>\n<p><a href=\"https:\/\/www.bremer-imker.de\/bremer-imkerverein\/veranstaltungen\/offener-imkerabend-7\/\" target=\"_blank\" rel=\"noopener noreferrer\">Weitere Informationen zur Veranstaltung<\/a><\/p>\n","protected":false},"excerpt":{"rendered":"<p>Dr. Philip Bergh\u00f6fer (Pharmazeutische Technologie roha arzneimittel GmbH), promovierter Agrarwissenschaftler besch\u00e4ftigt sich bereits seit vielen Jahren sowohl privat als auch beruflich mit dem nat\u00fcrlichen Wirkstoff Propolis. Er sieht sich selber als ein Sammler und J\u00e4ger zu allem was er zu \u00a0Propolis finden kann. Fasziniert von den Hinweise auf die Heilwirkungen von Propolis, beginnend bei arch\u00e4ologischen &hellip; <\/p>\n<p class=\"link-more\"><a href=\"https:\/\/www.bremer-imker.de\/bremer-imkerverein\/vortrag-propolis-am-05-09-2017\/\" class=\"more-link\">Mehr <span class=\"screen-reader-text\">\u00fcber &#8222;Vortrag Propolis am 05.09.2017&#8220; <\/span>Lesen<\/a><\/p>\n","protected":false},"author":2,"featured_media":0,"comment_status":"closed","ping_status":"open","sticky":false,"template":"","format":"standard","meta":{"footnotes":""},"categories":[1],"tags":[],"class_list":["post-1956","post","type-post","status-publish","format-standard","hentry","category-allgemein"],"_links":{"self":[{"href":"https:\/\/www.bremer-imker.de\/bremer-imkerverein\/wp-json\/wp\/v2\/posts\/1956","targetHints":{"allow":["GET"]}}],"collection":[{"href":"https:\/\/www.bremer-imker.de\/bremer-imkerverein\/wp-json\/wp\/v2\/posts"}],"about":[{"href":"https:\/\/www.bremer-imker.de\/bremer-imkerverein\/wp-json\/wp\/v2\/types\/post"}],"author":[{"embeddable":true,"href":"https:\/\/www.bremer-imker.de\/bremer-imkerverein\/wp-json\/wp\/v2\/users\/2"}],"replies":[{"embeddable":true,"href":"https:\/\/www.bremer-imker.de\/bremer-imkerverein\/wp-json\/wp\/v2\/comments?post=1956"}],"version-history":[{"count":3,"href":"https:\/\/www.bremer-imker.de\/bremer-imkerverein\/wp-json\/wp\/v2\/posts\/1956\/revisions"}],"predecessor-version":[{"id":1959,"href":"https:\/\/www.bremer-imker.de\/bremer-imkerverein\/wp-json\/wp\/v2\/posts\/1956\/revisions\/1959"}],"wp:attachment":[{"href":"https:\/\/www.bremer-imker.de\/bremer-imkerverein\/wp-json\/wp\/v2\/media?parent=1956"}],"wp:term":[{"taxonomy":"category","embeddable":true,"href":"https:\/\/www.bremer-imker.de\/bremer-imkerverein\/wp-json\/wp\/v2\/categories?post=1956"},{"taxonomy":"post_tag","embeddable":true,"href":"https:\/\/www.bremer-imker.de\/bremer-imkerverein\/wp-json\/wp\/v2\/tags?post=1956"}],"curies":[{"name":"wp","href":"https:\/\/api.w.org\/{rel}","templated":true}]}}