{"id":1992,"date":"2018-05-16T19:49:16","date_gmt":"2018-05-16T17:49:16","guid":{"rendered":"https:\/\/www.bremer-imker.de\/bremer-imkerverein\/?p=1992"},"modified":"2018-05-16T19:57:13","modified_gmt":"2018-05-16T17:57:13","slug":"kurs-fuer-jeden-hummeln-bienen-co-foerdern","status":"publish","type":"post","link":"https:\/\/www.bremer-imker.de\/bremer-imkerverein\/kurs-fuer-jeden-hummeln-bienen-co-foerdern\/","title":{"rendered":"Kurs f\u00fcr Jeden &#8211; Hummeln, Bienen &#038; Co. f\u00f6rdern &#8211; noch Anmeldungen m\u00f6glich"},"content":{"rendered":"<p><strong>Kurstag<\/strong> 02.06.2018<\/p>\n<p><strong>Uhrzeit<\/strong>: Von 10:00 bis 15:00 Uhr<\/p>\n<p><strong>Ort<\/strong>: Lehrbienenstand auf dem L\u00fcr-Kropp-Hof Rockwinkeler Landstr. 5 Bremen<\/p>\n<p><strong>Kursleiter<\/strong>: Dr. Friedrich Pohl<\/p>\n<p>Sie haben vom \u201eBienensterben\u201c in den Medien geh\u00f6rt oder \u00fcberlegen, wie Sie Hummeln, solit\u00e4rlebenden Bienen und Honigbienen helfen k\u00f6nnen? Hier erhalten Sie Tipps f\u00fcr Ihren Garten, \u00fcber Nisthilfen und \u00fcber die Arbeiten, die als Tierliebhaber\/in bzw. Imker\/Imkerin auf Sie zukommen w\u00fcrden.<\/p>\n<p>Dieser Kurstag ist also auch f\u00fcr \u201eZweifler\u201c, die Bedenken haben, ob eine eigene Bienenhaltung (Imkerei) machbar ist. Hierf\u00fcr erhalten Sie einen \u00dcberblick \u00fcber die Arbeiten \u00fcber das ganze Bienenjahr.<\/p>\n<p>Sie werden sehen, dass auch ohne eigene Bienenv\u00f6lker Ihr Garten den Insekten mehr Freude bereiten kann!<\/p>\n<p>Da wir \u00fcberwiegend an der frischen Luft sind (Regendach vorhanden), ist angemessene Kleidung ratsam. Bringen Sie sich ein Kopftuch (<em><strong>nicht in schwarzer Farbe<\/strong><\/em>) als Kopfbedeckung mit. Warum \u2013 das erfahren Sie am Kurstag!<\/p>\n<p><strong>Kursgeb\u00fchr 25\u20ac <\/strong><\/p>\n<p>Diese beinhaltet Kaffee, Tee und Wasser. In der Mittagspause werden W\u00fcrstchen gegrillt, Salate werden durch die Teilnehmer bitte mitgebracht.<\/p>\n<p>Mindestteilnehmerzahl: 20<\/p>\n<p><span style=\"font-size: 18pt;\">Verbindliche Anmeldung:<\/span><\/p>\n<p>[ufbl form_id=&#8220;3&#8243;]<\/p>\n<p>&nbsp;<\/p>\n","protected":false},"excerpt":{"rendered":"<p>Kurstag 02.06.2018 Uhrzeit: Von 10:00 bis 15:00 Uhr Ort: Lehrbienenstand auf dem L\u00fcr-Kropp-Hof Rockwinkeler Landstr. 5 Bremen Kursleiter: Dr. Friedrich Pohl Sie haben vom \u201eBienensterben\u201c in den Medien geh\u00f6rt oder \u00fcberlegen, wie Sie Hummeln, solit\u00e4rlebenden Bienen und Honigbienen helfen k\u00f6nnen? Hier erhalten Sie Tipps f\u00fcr Ihren Garten, \u00fcber Nisthilfen und \u00fcber die Arbeiten, die als &hellip; <\/p>\n<p class=\"link-more\"><a href=\"https:\/\/www.bremer-imker.de\/bremer-imkerverein\/kurs-fuer-jeden-hummeln-bienen-co-foerdern\/\" class=\"more-link\">Mehr <span class=\"screen-reader-text\">\u00fcber &#8222;Kurs f\u00fcr Jeden &#8211; Hummeln, Bienen &#038; Co. f\u00f6rdern &#8211; noch Anmeldungen m\u00f6glich&#8220; <\/span>Lesen<\/a><\/p>\n","protected":false},"author":2,"featured_media":1877,"comment_status":"closed","ping_status":"open","sticky":false,"template":"","format":"standard","meta":{"footnotes":""},"categories":[1],"tags":[],"class_list":["post-1992","post","type-post","status-publish","format-standard","has-post-thumbnail","hentry","category-allgemein"],"_links":{"self":[{"href":"https:\/\/www.bremer-imker.de\/bremer-imkerverein\/wp-json\/wp\/v2\/posts\/1992","targetHints":{"allow":["GET"]}}],"collection":[{"href":"https:\/\/www.bremer-imker.de\/bremer-imkerverein\/wp-json\/wp\/v2\/posts"}],"about":[{"href":"https:\/\/www.bremer-imker.de\/bremer-imkerverein\/wp-json\/wp\/v2\/types\/post"}],"author":[{"embeddable":true,"href":"https:\/\/www.bremer-imker.de\/bremer-imkerverein\/wp-json\/wp\/v2\/users\/2"}],"replies":[{"embeddable":true,"href":"https:\/\/www.bremer-imker.de\/bremer-imkerverein\/wp-json\/wp\/v2\/comments?post=1992"}],"version-history":[{"count":10,"href":"https:\/\/www.bremer-imker.de\/bremer-imkerverein\/wp-json\/wp\/v2\/posts\/1992\/revisions"}],"predecessor-version":[{"id":2321,"href":"https:\/\/www.bremer-imker.de\/bremer-imkerverein\/wp-json\/wp\/v2\/posts\/1992\/revisions\/2321"}],"wp:featuredmedia":[{"embeddable":true,"href":"https:\/\/www.bremer-imker.de\/bremer-imkerverein\/wp-json\/wp\/v2\/media\/1877"}],"wp:attachment":[{"href":"https:\/\/www.bremer-imker.de\/bremer-imkerverein\/wp-json\/wp\/v2\/media?parent=1992"}],"wp:term":[{"taxonomy":"category","embeddable":true,"href":"https:\/\/www.bremer-imker.de\/bremer-imkerverein\/wp-json\/wp\/v2\/categories?post=1992"},{"taxonomy":"post_tag","embeddable":true,"href":"https:\/\/www.bremer-imker.de\/bremer-imkerverein\/wp-json\/wp\/v2\/tags?post=1992"}],"curies":[{"name":"wp","href":"https:\/\/api.w.org\/{rel}","templated":true}]}}