{"id":2006,"date":"2017-10-12T16:02:45","date_gmt":"2017-10-12T14:02:45","guid":{"rendered":"https:\/\/www.bremer-imker.de\/bremer-imkerverein\/?p=2006"},"modified":"2017-10-12T16:02:45","modified_gmt":"2017-10-12T14:02:45","slug":"varroabehandlung-14-10-2017","status":"publish","type":"post","link":"https:\/\/www.bremer-imker.de\/bremer-imkerverein\/varroabehandlung-14-10-2017\/","title":{"rendered":"Varroabehandlung 14.10.2017"},"content":{"rendered":"<p>Moin liebe Imkerinnen und Imker,<\/p>\n<p>einige V\u00f6lker haben unerwartet viele Milben, also einen nat\u00fcrlichen Milbenfall oberhalb von 8 Milben pro Tag 8 (Wirtschaftsvolk). Auch wenn in der Literatur ein Grenzwert von 10 Milben pro Tag genannt wird, w\u00fcrde ich bereits bei 8 Milben pro Tag zu einer Behandlung tendieren. Die Wetterbedingungen ab Samstag 14.10.2017 sind optimal, wenn die Vorhersagen f\u00fcr die Region Bremen zutreffen.<\/p>\n<p>Hier noch Tipps:<\/p>\n<ul>\n<li><strong>Nat\u00fcrlichen Milbenfall jetzt noch schnell messen bis zur Behandlung!<\/strong><\/li>\n<li><strong>Am schnellsten wirkt die 60%ige Ameisens\u00e4ure mit dem Schwammtuch von oben angewendet, Verdunster brauchen zu viele Tage \u00a0mit relativ hohen Temperaturen, die auf Dauer nicht zu erwarten sind.<\/strong><\/li>\n<li><strong>Dosierung 2 ml je Wabe DN und Zander, 3 ml bei Golz (wegen des gro\u00dfen Fluglochs auf voller Beutenbreite und des Wabenformats), bei sehr gro\u00dfen Wabenformaten wie 1,5 DN oder Dadant-Brutwaben w\u00fcrde ich 4-5 ml je Wabe dosieren.<\/strong><\/li>\n<li><strong>Keinen zus\u00e4tzlichen Verdunstungsraum wie Futterzarge, Leerzarge usw.., keine gleichzeitige F\u00fctterung.<\/strong><\/li>\n<li><strong>Das Flugloch normal weit \u00f6ffnen, die Varroa-Windel einschieben.<\/strong><\/li>\n<li><strong>AS nicht k\u00fchlen \u2013 Zimmertemperatur!<\/strong><\/li>\n<li><strong>Die Wirksamkeit kann man bei hoher Milbenbelastung deutlich erh\u00f6hen, wenn man vor der Behandlung die verdeckelte Brut ausschneidet und vernichtet. Die L\u00f6cher in den Waben sind kein Problem.<\/strong><\/li>\n<li><strong>Wiederholung der Behandlung, falls am Donnerstag n\u00e4chster Woche die Temperaturen nochmals g\u00fcnstig sind (16 Grad Celsius und mehr!)<\/strong><\/li>\n<\/ul>\n<p>Viel Erfolg,<br \/>\nLG<br \/>\nFriedrich<\/p>\n","protected":false},"excerpt":{"rendered":"<p>Moin liebe Imkerinnen und Imker, einige V\u00f6lker haben unerwartet viele Milben, also einen nat\u00fcrlichen Milbenfall oberhalb von 8 Milben pro Tag 8 (Wirtschaftsvolk). Auch wenn in der Literatur ein Grenzwert von 10 Milben pro Tag genannt wird, w\u00fcrde ich bereits bei 8 Milben pro Tag zu einer Behandlung tendieren. Die Wetterbedingungen ab Samstag 14.10.2017 sind &hellip; <\/p>\n<p class=\"link-more\"><a href=\"https:\/\/www.bremer-imker.de\/bremer-imkerverein\/varroabehandlung-14-10-2017\/\" class=\"more-link\">Mehr <span class=\"screen-reader-text\">\u00fcber &#8222;Varroabehandlung 14.10.2017&#8220; <\/span>Lesen<\/a><\/p>\n","protected":false},"author":2,"featured_media":0,"comment_status":"closed","ping_status":"open","sticky":false,"template":"","format":"standard","meta":{"footnotes":""},"categories":[1],"tags":[],"class_list":["post-2006","post","type-post","status-publish","format-standard","hentry","category-allgemein"],"_links":{"self":[{"href":"https:\/\/www.bremer-imker.de\/bremer-imkerverein\/wp-json\/wp\/v2\/posts\/2006","targetHints":{"allow":["GET"]}}],"collection":[{"href":"https:\/\/www.bremer-imker.de\/bremer-imkerverein\/wp-json\/wp\/v2\/posts"}],"about":[{"href":"https:\/\/www.bremer-imker.de\/bremer-imkerverein\/wp-json\/wp\/v2\/types\/post"}],"author":[{"embeddable":true,"href":"https:\/\/www.bremer-imker.de\/bremer-imkerverein\/wp-json\/wp\/v2\/users\/2"}],"replies":[{"embeddable":true,"href":"https:\/\/www.bremer-imker.de\/bremer-imkerverein\/wp-json\/wp\/v2\/comments?post=2006"}],"version-history":[{"count":1,"href":"https:\/\/www.bremer-imker.de\/bremer-imkerverein\/wp-json\/wp\/v2\/posts\/2006\/revisions"}],"predecessor-version":[{"id":2007,"href":"https:\/\/www.bremer-imker.de\/bremer-imkerverein\/wp-json\/wp\/v2\/posts\/2006\/revisions\/2007"}],"wp:attachment":[{"href":"https:\/\/www.bremer-imker.de\/bremer-imkerverein\/wp-json\/wp\/v2\/media?parent=2006"}],"wp:term":[{"taxonomy":"category","embeddable":true,"href":"https:\/\/www.bremer-imker.de\/bremer-imkerverein\/wp-json\/wp\/v2\/categories?post=2006"},{"taxonomy":"post_tag","embeddable":true,"href":"https:\/\/www.bremer-imker.de\/bremer-imkerverein\/wp-json\/wp\/v2\/tags?post=2006"}],"curies":[{"name":"wp","href":"https:\/\/api.w.org\/{rel}","templated":true}]}}