{"id":2014,"date":"2017-10-15T00:01:11","date_gmt":"2017-10-14T22:01:11","guid":{"rendered":"https:\/\/www.bremer-imker.de\/bremer-imkerverein\/?p=2014"},"modified":"2017-11-18T13:57:52","modified_gmt":"2017-11-18T12:57:52","slug":"imker-grundlehrgang-2018","status":"publish","type":"post","link":"https:\/\/www.bremer-imker.de\/bremer-imkerverein\/imker-grundlehrgang-2018\/","title":{"rendered":"Imker Grundlehrgang 2018"},"content":{"rendered":"<p>Die <strong>Kursinhalte<\/strong>: Dieser Kurs richtet sich an alle, die Bienen halten m\u00f6chten bzw. eine eigene Hobbyimkerei aufbauen m\u00f6chten.<\/p>\n<p>Der Kurs beinhaltet 10 Kurstage, die jahreszeitlich an die tats\u00e4chliche Entwicklung der Bienenv\u00f6lker angepasst sind! Die Kursteilnehmer begleiten die Bienen durch das gesamte Bienenjahr und lernen alle Arbeitsschritte in Theorie und Praxis kennen.<\/p>\n<p><strong>Grundlage<\/strong> f\u00fcr die Schulung ist das Buch \u201e1&#215;1 des Imkerns\u201c von Friedrich Pohl, Kosmos Verlag, in der \u00fcberarbeiteten Neuauflage von 2017.<\/p>\n<p>Die jeweiligen <strong>Kurstage<\/strong> finden Sie im Anhang unter Nennung der Themenschwerpunkte.<\/p>\n<p><strong>Kursbeginn<\/strong>: Der erste Kurstag ist am 10.03.2018 im \u00d6kumenischen Gymnasium zu Bremen, Oberneulander Landstr. 143a, 28355 Bremen. <strong>Achtung \u2013 die Schulungsorte wechseln je nach Kurstag<\/strong>!!<\/p>\n<p>Die <strong>Kursgeb\u00fchr<\/strong> betr\u00e4gt 195 \u20ac je Teilnehmer und beinhaltet die Mitgliedschaft im Imkerverein f\u00fcr ein Jahr. Die Kursgeb\u00fchr f\u00fcr Imkervereinsmitglieder betr\u00e4gt 150 \u20ac.<\/p>\n<p><strong>Kursteilnehmer unter 16 Jahren<\/strong> nur in Begleitung eines erwachsenen Kursteilnehmers.<\/p>\n<p>&nbsp;<\/p>\n<hr \/>\n<p><strong>Hinweise:<br \/>\n<\/strong>Bedingung f\u00fcr die Anmeldung zur Teilnahme am Grundlehrgang ist eine verbindliche Beitrittserkl\u00e4rung (inkl. Teilnahme am Lastschriftverfahren) zum Imkerverein Bremen von 1875 e.V. &#8211; Die Beitrittserkl\u00e4rung kann hier: [download id=&#8220;1725&#8243;] runtergeleden werden. Die ausgf\u00fcllt und unterschriebene Beitrittserkl\u00e4rung scannen und als Emailanlage an kassenwart@bremer-imker.de oder auf dem Postweg an die in der Beitrittserkl\u00e4rung genannte Anschrift senden. Ohne eine verbindliche Beitrittserkl\u00e4rung kann die Anmeldung zum Grundlehrgang leider nicht bearbeitet werden.<br \/>\nNach Eingang aller Unterlagen wird eine Anmeldebest\u00e4tigung an die angegebene Emailadresse versendet.<\/p>\n<p><iframe loading=\"lazy\" src=\"https:\/\/bremer-imker.de\/bremer-imkerverein\/wp-content\/gl17\/index.php\" name=\"iframe\" width=\"800\" height=\"2000\" frameborder=\"0\" scrolling=\"no\" data-mce-fragment=\"1\"><br \/>\n<ilayer name=\"iframe\" width=\"800\" height=\"2000\" noresize=\"noresize\" scrolling=\"no\" frameborder=\"0\" marginheight=\"0\" marginwidth=\"0\" src=\"https:\/\/bremer-imker.de\/bremer-imkerverein\/wp-content\/gl17\/index.php\"><\/ilayer><\/iframe><\/p>\n","protected":false},"excerpt":{"rendered":"<p>Die Kursinhalte: Dieser Kurs richtet sich an alle, die Bienen halten m\u00f6chten bzw. eine eigene Hobbyimkerei aufbauen m\u00f6chten. Der Kurs beinhaltet 10 Kurstage, die jahreszeitlich an die tats\u00e4chliche Entwicklung der Bienenv\u00f6lker angepasst sind! Die Kursteilnehmer begleiten die Bienen durch das gesamte Bienenjahr und lernen alle Arbeitsschritte in Theorie und Praxis kennen. Grundlage f\u00fcr die Schulung &hellip; <\/p>\n<p class=\"link-more\"><a href=\"https:\/\/www.bremer-imker.de\/bremer-imkerverein\/imker-grundlehrgang-2018\/\" class=\"more-link\">Mehr <span class=\"screen-reader-text\">\u00fcber &#8222;Imker Grundlehrgang 2018&#8220; <\/span>Lesen<\/a><\/p>\n","protected":false},"author":2,"featured_media":0,"comment_status":"closed","ping_status":"open","sticky":false,"template":"","format":"standard","meta":{"footnotes":""},"categories":[1],"tags":[],"class_list":["post-2014","post","type-post","status-publish","format-standard","hentry","category-allgemein"],"_links":{"self":[{"href":"https:\/\/www.bremer-imker.de\/bremer-imkerverein\/wp-json\/wp\/v2\/posts\/2014","targetHints":{"allow":["GET"]}}],"collection":[{"href":"https:\/\/www.bremer-imker.de\/bremer-imkerverein\/wp-json\/wp\/v2\/posts"}],"about":[{"href":"https:\/\/www.bremer-imker.de\/bremer-imkerverein\/wp-json\/wp\/v2\/types\/post"}],"author":[{"embeddable":true,"href":"https:\/\/www.bremer-imker.de\/bremer-imkerverein\/wp-json\/wp\/v2\/users\/2"}],"replies":[{"embeddable":true,"href":"https:\/\/www.bremer-imker.de\/bremer-imkerverein\/wp-json\/wp\/v2\/comments?post=2014"}],"version-history":[{"count":5,"href":"https:\/\/www.bremer-imker.de\/bremer-imkerverein\/wp-json\/wp\/v2\/posts\/2014\/revisions"}],"predecessor-version":[{"id":2045,"href":"https:\/\/www.bremer-imker.de\/bremer-imkerverein\/wp-json\/wp\/v2\/posts\/2014\/revisions\/2045"}],"wp:attachment":[{"href":"https:\/\/www.bremer-imker.de\/bremer-imkerverein\/wp-json\/wp\/v2\/media?parent=2014"}],"wp:term":[{"taxonomy":"category","embeddable":true,"href":"https:\/\/www.bremer-imker.de\/bremer-imkerverein\/wp-json\/wp\/v2\/categories?post=2014"},{"taxonomy":"post_tag","embeddable":true,"href":"https:\/\/www.bremer-imker.de\/bremer-imkerverein\/wp-json\/wp\/v2\/tags?post=2014"}],"curies":[{"name":"wp","href":"https:\/\/api.w.org\/{rel}","templated":true}]}}