{"id":228,"date":"2016-02-08T01:37:54","date_gmt":"2016-02-08T00:37:54","guid":{"rendered":"http:\/\/www.bremer-imker.de\/bremer-imkerverein\/?p=228"},"modified":"2016-03-09T00:32:35","modified_gmt":"2016-03-08T23:32:35","slug":"imkerlehrgang","status":"publish","type":"post","link":"https:\/\/www.bremer-imker.de\/bremer-imkerverein\/imkerlehrgang\/","title":{"rendered":"Imkerlehrgang 2016"},"content":{"rendered":"<h3><span style=\"color: #008000;\">Auch 2016 gibt es wieder einen Imkerlehrgang &#8230;<\/span><\/h3>\n<div class=\"foogallery-tinymce-count\">\n<p>[foogallery id=&#8220;806&#8243;]<\/p>\n<\/div>\n<div class=\"foogallery-tinymce-count\">\u00a0Eine der Teilnehmerinnen ist <strong>Michaela Uhde<\/strong>, Reporterin des <strong>Weser Kurier<\/strong>, die in unregelm\u00e4\u00dfigen Abst\u00e4nden \u00fcber ihre <strong>Lehrgangserlebnisse<\/strong> berichten wird. Vielen Dank daf\u00fcr und nat\u00fcrlich viel Spass in der Erlebniswelt &#8222;<strong>Bremer Bienen<\/strong>&#8222;.<\/p>\n<p><a href=\"http:\/\/www.weser-kurier.de\/bremen_artikel,-Der-lange-Weg-zum-Honig-_arid,1325639.html\" target=\"_blank\">Bericht #1<\/a> | 03.03.2016<\/div>\n","protected":false},"excerpt":{"rendered":"<p>Auch 2016 gibt es wieder einen Imkerlehrgang &#8230; [foogallery id=&#8220;806&#8243;] \u00a0Eine der Teilnehmerinnen ist Michaela Uhde, Reporterin des Weser Kurier, die in unregelm\u00e4\u00dfigen Abst\u00e4nden \u00fcber ihre Lehrgangserlebnisse berichten wird. Vielen Dank daf\u00fcr und nat\u00fcrlich viel Spass in der Erlebniswelt &#8222;Bremer Bienen&#8222;. Bericht #1 | 03.03.2016<\/p>\n","protected":false},"author":2,"featured_media":0,"comment_status":"closed","ping_status":"open","sticky":false,"template":"","format":"standard","meta":{"footnotes":""},"categories":[7],"tags":[],"class_list":["post-228","post","type-post","status-publish","format-standard","hentry","category-termine"],"_links":{"self":[{"href":"https:\/\/www.bremer-imker.de\/bremer-imkerverein\/wp-json\/wp\/v2\/posts\/228","targetHints":{"allow":["GET"]}}],"collection":[{"href":"https:\/\/www.bremer-imker.de\/bremer-imkerverein\/wp-json\/wp\/v2\/posts"}],"about":[{"href":"https:\/\/www.bremer-imker.de\/bremer-imkerverein\/wp-json\/wp\/v2\/types\/post"}],"author":[{"embeddable":true,"href":"https:\/\/www.bremer-imker.de\/bremer-imkerverein\/wp-json\/wp\/v2\/users\/2"}],"replies":[{"embeddable":true,"href":"https:\/\/www.bremer-imker.de\/bremer-imkerverein\/wp-json\/wp\/v2\/comments?post=228"}],"version-history":[{"count":11,"href":"https:\/\/www.bremer-imker.de\/bremer-imkerverein\/wp-json\/wp\/v2\/posts\/228\/revisions"}],"predecessor-version":[{"id":2490,"href":"https:\/\/www.bremer-imker.de\/bremer-imkerverein\/wp-json\/wp\/v2\/posts\/228\/revisions\/2490"}],"wp:attachment":[{"href":"https:\/\/www.bremer-imker.de\/bremer-imkerverein\/wp-json\/wp\/v2\/media?parent=228"}],"wp:term":[{"taxonomy":"category","embeddable":true,"href":"https:\/\/www.bremer-imker.de\/bremer-imkerverein\/wp-json\/wp\/v2\/categories?post=228"},{"taxonomy":"post_tag","embeddable":true,"href":"https:\/\/www.bremer-imker.de\/bremer-imkerverein\/wp-json\/wp\/v2\/tags?post=228"}],"curies":[{"name":"wp","href":"https:\/\/api.w.org\/{rel}","templated":true}]}}