{"id":2350,"date":"2018-05-19T14:48:09","date_gmt":"2018-05-19T12:48:09","guid":{"rendered":"https:\/\/www.bremer-imker.de\/bremer-imkerverein\/?p=2350"},"modified":"2018-08-03T17:38:15","modified_gmt":"2018-08-03T15:38:15","slug":"umlarvtag-2018","status":"publish","type":"post","link":"https:\/\/www.bremer-imker.de\/bremer-imkerverein\/umlarvtag-2018\/","title":{"rendered":"Umlarvtag 2018"},"content":{"rendered":"<p>Hier ein paar Eindr\u00fccke vom heutigen Umlarvtag.<\/p>\n<p>Ein gutes Auge und eine ruhige Hand sind von N\u00f6ten, um diese Arbeit zu machen, bei der die winzigen Larven mit sogenannten &#8222;Umlarvnadeln&#8220; in Weiselbecher umgesetzt werden. Ein &#8222;Pflegevolk&#8220; bekommt dann diese Weiselbecher eingesetzt und wird die Larven hoffentlich zu neuen K\u00f6niginnen aufziehen.<\/p>\n<p>Wir dr\u00fccken den Z\u00fcchtern die Daumen!<\/p>\n<p>&nbsp;<\/p>\n<div id='gallery-1' class='gallery galleryid-2350 gallery-columns-3 gallery-size-thumbnail'><figure class='gallery-item'>\n\t\t\t<div class='gallery-icon landscape'>\n\t\t\t\t<a href='https:\/\/www.bremer-imker.de\/bremer-imkerverein\/wp-content\/uploads\/2018\/05\/20180519_102320.jpg'><img loading=\"lazy\" decoding=\"async\" width=\"150\" height=\"84\" src=\"https:\/\/www.bremer-imker.de\/bremer-imkerverein\/wp-content\/uploads\/2018\/05\/20180519_102320-150x84.jpg\" class=\"attachment-thumbnail size-thumbnail\" alt=\"\" srcset=\"https:\/\/www.bremer-imker.de\/bremer-imkerverein\/wp-content\/uploads\/2018\/05\/20180519_102320-150x84.jpg 150w, https:\/\/www.bremer-imker.de\/bremer-imkerverein\/wp-content\/uploads\/2018\/05\/20180519_102320-300x169.jpg 300w, https:\/\/www.bremer-imker.de\/bremer-imkerverein\/wp-content\/uploads\/2018\/05\/20180519_102320-1024x576.jpg 1024w, https:\/\/www.bremer-imker.de\/bremer-imkerverein\/wp-content\/uploads\/2018\/05\/20180519_102320-450x250.jpg 450w, https:\/\/www.bremer-imker.de\/bremer-imkerverein\/wp-content\/uploads\/2018\/05\/20180519_102320-100x56.jpg 100w, https:\/\/www.bremer-imker.de\/bremer-imkerverein\/wp-content\/uploads\/2018\/05\/20180519_102320-972x543.jpg 972w, https:\/\/www.bremer-imker.de\/bremer-imkerverein\/wp-content\/uploads\/2018\/05\/20180519_102320-1350x754.jpg 1350w, https:\/\/www.bremer-imker.de\/bremer-imkerverein\/wp-content\/uploads\/2018\/05\/20180519_102320-2000x1125.jpg 2000w\" sizes=\"auto, 100vw\" \/><\/a>\n\t\t\t<\/div><\/figure><figure class='gallery-item'>\n\t\t\t<div class='gallery-icon portrait'>\n\t\t\t\t<a href='https:\/\/www.bremer-imker.de\/bremer-imkerverein\/wp-content\/uploads\/2018\/05\/20180519_105850-e1526733737533.jpg'><img loading=\"lazy\" decoding=\"async\" width=\"84\" height=\"150\" src=\"https:\/\/www.bremer-imker.de\/bremer-imkerverein\/wp-content\/uploads\/2018\/05\/20180519_105850-e1526733737533-84x150.jpg\" class=\"attachment-thumbnail size-thumbnail\" alt=\"\" srcset=\"https:\/\/www.bremer-imker.de\/bremer-imkerverein\/wp-content\/uploads\/2018\/05\/20180519_105850-e1526733737533-84x150.jpg 84w, https:\/\/www.bremer-imker.de\/bremer-imkerverein\/wp-content\/uploads\/2018\/05\/20180519_105850-e1526733737533-169x300.jpg 169w, https:\/\/www.bremer-imker.de\/bremer-imkerverein\/wp-content\/uploads\/2018\/05\/20180519_105850-e1526733737533-576x1024.jpg 576w, https:\/\/www.bremer-imker.de\/bremer-imkerverein\/wp-content\/uploads\/2018\/05\/20180519_105850-e1526733737533-100x178.jpg 100w, https:\/\/www.bremer-imker.de\/bremer-imkerverein\/wp-content\/uploads\/2018\/05\/20180519_105850-e1526733737533-972x1728.jpg 972w, https:\/\/www.bremer-imker.de\/bremer-imkerverein\/wp-content\/uploads\/2018\/05\/20180519_105850-e1526733737533-1350x2400.jpg 1350w\" sizes=\"auto, 100vw\" \/><\/a>\n\t\t\t<\/div><\/figure><figure class='gallery-item'>\n\t\t\t<div class='gallery-icon landscape'>\n\t\t\t\t<a href='https:\/\/www.bremer-imker.de\/bremer-imkerverein\/wp-content\/uploads\/2018\/05\/20180519_105845.jpg'><img loading=\"lazy\" decoding=\"async\" width=\"150\" height=\"84\" src=\"https:\/\/www.bremer-imker.de\/bremer-imkerverein\/wp-content\/uploads\/2018\/05\/20180519_105845-150x84.jpg\" class=\"attachment-thumbnail size-thumbnail\" alt=\"\" srcset=\"https:\/\/www.bremer-imker.de\/bremer-imkerverein\/wp-content\/uploads\/2018\/05\/20180519_105845-150x84.jpg 150w, https:\/\/www.bremer-imker.de\/bremer-imkerverein\/wp-content\/uploads\/2018\/05\/20180519_105845-300x169.jpg 300w, https:\/\/www.bremer-imker.de\/bremer-imkerverein\/wp-content\/uploads\/2018\/05\/20180519_105845-1024x576.jpg 1024w, https:\/\/www.bremer-imker.de\/bremer-imkerverein\/wp-content\/uploads\/2018\/05\/20180519_105845-450x250.jpg 450w, https:\/\/www.bremer-imker.de\/bremer-imkerverein\/wp-content\/uploads\/2018\/05\/20180519_105845-100x56.jpg 100w, https:\/\/www.bremer-imker.de\/bremer-imkerverein\/wp-content\/uploads\/2018\/05\/20180519_105845-972x543.jpg 972w, https:\/\/www.bremer-imker.de\/bremer-imkerverein\/wp-content\/uploads\/2018\/05\/20180519_105845-1350x754.jpg 1350w\" sizes=\"auto, 100vw\" \/><\/a>\n\t\t\t<\/div><\/figure><figure class='gallery-item'>\n\t\t\t<div class='gallery-icon landscape'>\n\t\t\t\t<a href='https:\/\/www.bremer-imker.de\/bremer-imkerverein\/wp-content\/uploads\/2018\/05\/20180519_102618.jpg'><img loading=\"lazy\" decoding=\"async\" width=\"150\" height=\"84\" src=\"https:\/\/www.bremer-imker.de\/bremer-imkerverein\/wp-content\/uploads\/2018\/05\/20180519_102618-150x84.jpg\" class=\"attachment-thumbnail size-thumbnail\" alt=\"\" srcset=\"https:\/\/www.bremer-imker.de\/bremer-imkerverein\/wp-content\/uploads\/2018\/05\/20180519_102618-150x84.jpg 150w, https:\/\/www.bremer-imker.de\/bremer-imkerverein\/wp-content\/uploads\/2018\/05\/20180519_102618-300x169.jpg 300w, https:\/\/www.bremer-imker.de\/bremer-imkerverein\/wp-content\/uploads\/2018\/05\/20180519_102618-1024x576.jpg 1024w, https:\/\/www.bremer-imker.de\/bremer-imkerverein\/wp-content\/uploads\/2018\/05\/20180519_102618-450x250.jpg 450w, https:\/\/www.bremer-imker.de\/bremer-imkerverein\/wp-content\/uploads\/2018\/05\/20180519_102618-100x56.jpg 100w, https:\/\/www.bremer-imker.de\/bremer-imkerverein\/wp-content\/uploads\/2018\/05\/20180519_102618-972x543.jpg 972w, https:\/\/www.bremer-imker.de\/bremer-imkerverein\/wp-content\/uploads\/2018\/05\/20180519_102618-1350x754.jpg 1350w\" sizes=\"auto, 100vw\" \/><\/a>\n\t\t\t<\/div><\/figure><figure class='gallery-item'>\n\t\t\t<div class='gallery-icon portrait'>\n\t\t\t\t<a href='https:\/\/www.bremer-imker.de\/bremer-imkerverein\/wp-content\/uploads\/2018\/05\/20180519_101927-e1526733669473.jpg'><img loading=\"lazy\" decoding=\"async\" width=\"84\" height=\"150\" src=\"https:\/\/www.bremer-imker.de\/bremer-imkerverein\/wp-content\/uploads\/2018\/05\/20180519_101927-e1526733669473-84x150.jpg\" class=\"attachment-thumbnail size-thumbnail\" alt=\"\" srcset=\"https:\/\/www.bremer-imker.de\/bremer-imkerverein\/wp-content\/uploads\/2018\/05\/20180519_101927-e1526733669473-84x150.jpg 84w, https:\/\/www.bremer-imker.de\/bremer-imkerverein\/wp-content\/uploads\/2018\/05\/20180519_101927-e1526733669473-169x300.jpg 169w, https:\/\/www.bremer-imker.de\/bremer-imkerverein\/wp-content\/uploads\/2018\/05\/20180519_101927-e1526733669473-576x1024.jpg 576w, https:\/\/www.bremer-imker.de\/bremer-imkerverein\/wp-content\/uploads\/2018\/05\/20180519_101927-e1526733669473-100x178.jpg 100w, https:\/\/www.bremer-imker.de\/bremer-imkerverein\/wp-content\/uploads\/2018\/05\/20180519_101927-e1526733669473-972x1728.jpg 972w, https:\/\/www.bremer-imker.de\/bremer-imkerverein\/wp-content\/uploads\/2018\/05\/20180519_101927-e1526733669473-1350x2400.jpg 1350w\" sizes=\"auto, 100vw\" \/><\/a>\n\t\t\t<\/div><\/figure><figure class='gallery-item'>\n\t\t\t<div class='gallery-icon portrait'>\n\t\t\t\t<a href='https:\/\/www.bremer-imker.de\/bremer-imkerverein\/wp-content\/uploads\/2018\/05\/20180519_101917-e1526733632820.jpg'><img loading=\"lazy\" decoding=\"async\" width=\"84\" height=\"150\" src=\"https:\/\/www.bremer-imker.de\/bremer-imkerverein\/wp-content\/uploads\/2018\/05\/20180519_101917-e1526733632820-84x150.jpg\" class=\"attachment-thumbnail size-thumbnail\" alt=\"\" srcset=\"https:\/\/www.bremer-imker.de\/bremer-imkerverein\/wp-content\/uploads\/2018\/05\/20180519_101917-e1526733632820-84x150.jpg 84w, https:\/\/www.bremer-imker.de\/bremer-imkerverein\/wp-content\/uploads\/2018\/05\/20180519_101917-e1526733632820-169x300.jpg 169w, https:\/\/www.bremer-imker.de\/bremer-imkerverein\/wp-content\/uploads\/2018\/05\/20180519_101917-e1526733632820-576x1024.jpg 576w, https:\/\/www.bremer-imker.de\/bremer-imkerverein\/wp-content\/uploads\/2018\/05\/20180519_101917-e1526733632820-100x178.jpg 100w, https:\/\/www.bremer-imker.de\/bremer-imkerverein\/wp-content\/uploads\/2018\/05\/20180519_101917-e1526733632820-972x1728.jpg 972w, https:\/\/www.bremer-imker.de\/bremer-imkerverein\/wp-content\/uploads\/2018\/05\/20180519_101917-e1526733632820-1350x2400.jpg 1350w\" sizes=\"auto, 100vw\" \/><\/a>\n\t\t\t<\/div><\/figure><figure class='gallery-item'>\n\t\t\t<div class='gallery-icon portrait'>\n\t\t\t\t<a href='https:\/\/www.bremer-imker.de\/bremer-imkerverein\/wp-content\/uploads\/2018\/05\/20180519_101701-e1526733590676.jpg'><img loading=\"lazy\" decoding=\"async\" width=\"84\" height=\"150\" src=\"https:\/\/www.bremer-imker.de\/bremer-imkerverein\/wp-content\/uploads\/2018\/05\/20180519_101701-e1526733590676-84x150.jpg\" class=\"attachment-thumbnail size-thumbnail\" alt=\"\" srcset=\"https:\/\/www.bremer-imker.de\/bremer-imkerverein\/wp-content\/uploads\/2018\/05\/20180519_101701-e1526733590676-84x150.jpg 84w, https:\/\/www.bremer-imker.de\/bremer-imkerverein\/wp-content\/uploads\/2018\/05\/20180519_101701-e1526733590676-169x300.jpg 169w, https:\/\/www.bremer-imker.de\/bremer-imkerverein\/wp-content\/uploads\/2018\/05\/20180519_101701-e1526733590676-576x1024.jpg 576w, https:\/\/www.bremer-imker.de\/bremer-imkerverein\/wp-content\/uploads\/2018\/05\/20180519_101701-e1526733590676-100x178.jpg 100w, https:\/\/www.bremer-imker.de\/bremer-imkerverein\/wp-content\/uploads\/2018\/05\/20180519_101701-e1526733590676-972x1728.jpg 972w, https:\/\/www.bremer-imker.de\/bremer-imkerverein\/wp-content\/uploads\/2018\/05\/20180519_101701-e1526733590676-1350x2400.jpg 1350w\" sizes=\"auto, 100vw\" \/><\/a>\n\t\t\t<\/div><\/figure><figure class='gallery-item'>\n\t\t\t<div class='gallery-icon landscape'>\n\t\t\t\t<a href='https:\/\/www.bremer-imker.de\/bremer-imkerverein\/wp-content\/uploads\/2018\/05\/20180519_101526.jpg'><img loading=\"lazy\" decoding=\"async\" width=\"150\" height=\"84\" src=\"https:\/\/www.bremer-imker.de\/bremer-imkerverein\/wp-content\/uploads\/2018\/05\/20180519_101526-150x84.jpg\" class=\"attachment-thumbnail size-thumbnail\" alt=\"\" srcset=\"https:\/\/www.bremer-imker.de\/bremer-imkerverein\/wp-content\/uploads\/2018\/05\/20180519_101526-150x84.jpg 150w, https:\/\/www.bremer-imker.de\/bremer-imkerverein\/wp-content\/uploads\/2018\/05\/20180519_101526-300x169.jpg 300w, https:\/\/www.bremer-imker.de\/bremer-imkerverein\/wp-content\/uploads\/2018\/05\/20180519_101526-1024x576.jpg 1024w, https:\/\/www.bremer-imker.de\/bremer-imkerverein\/wp-content\/uploads\/2018\/05\/20180519_101526-450x250.jpg 450w, https:\/\/www.bremer-imker.de\/bremer-imkerverein\/wp-content\/uploads\/2018\/05\/20180519_101526-100x56.jpg 100w, https:\/\/www.bremer-imker.de\/bremer-imkerverein\/wp-content\/uploads\/2018\/05\/20180519_101526-972x543.jpg 972w, https:\/\/www.bremer-imker.de\/bremer-imkerverein\/wp-content\/uploads\/2018\/05\/20180519_101526-1350x754.jpg 1350w\" sizes=\"auto, 100vw\" \/><\/a>\n\t\t\t<\/div><\/figure><figure class='gallery-item'>\n\t\t\t<div class='gallery-icon landscape'>\n\t\t\t\t<a href='https:\/\/www.bremer-imker.de\/bremer-imkerverein\/wp-content\/uploads\/2018\/05\/20180519_101457.jpg'><img loading=\"lazy\" decoding=\"async\" width=\"150\" height=\"84\" src=\"https:\/\/www.bremer-imker.de\/bremer-imkerverein\/wp-content\/uploads\/2018\/05\/20180519_101457-150x84.jpg\" class=\"attachment-thumbnail size-thumbnail\" alt=\"\" srcset=\"https:\/\/www.bremer-imker.de\/bremer-imkerverein\/wp-content\/uploads\/2018\/05\/20180519_101457-150x84.jpg 150w, https:\/\/www.bremer-imker.de\/bremer-imkerverein\/wp-content\/uploads\/2018\/05\/20180519_101457-300x169.jpg 300w, https:\/\/www.bremer-imker.de\/bremer-imkerverein\/wp-content\/uploads\/2018\/05\/20180519_101457-1024x576.jpg 1024w, https:\/\/www.bremer-imker.de\/bremer-imkerverein\/wp-content\/uploads\/2018\/05\/20180519_101457-450x250.jpg 450w, https:\/\/www.bremer-imker.de\/bremer-imkerverein\/wp-content\/uploads\/2018\/05\/20180519_101457-100x56.jpg 100w, https:\/\/www.bremer-imker.de\/bremer-imkerverein\/wp-content\/uploads\/2018\/05\/20180519_101457-972x543.jpg 972w, https:\/\/www.bremer-imker.de\/bremer-imkerverein\/wp-content\/uploads\/2018\/05\/20180519_101457-1350x754.jpg 1350w\" sizes=\"auto, 100vw\" \/><\/a>\n\t\t\t<\/div><\/figure><figure class='gallery-item'>\n\t\t\t<div class='gallery-icon landscape'>\n\t\t\t\t<a href='https:\/\/www.bremer-imker.de\/bremer-imkerverein\/wp-content\/uploads\/2018\/05\/20180519_101435.jpg'><img loading=\"lazy\" decoding=\"async\" width=\"150\" height=\"84\" src=\"https:\/\/www.bremer-imker.de\/bremer-imkerverein\/wp-content\/uploads\/2018\/05\/20180519_101435-150x84.jpg\" class=\"attachment-thumbnail size-thumbnail\" alt=\"\" srcset=\"https:\/\/www.bremer-imker.de\/bremer-imkerverein\/wp-content\/uploads\/2018\/05\/20180519_101435-150x84.jpg 150w, https:\/\/www.bremer-imker.de\/bremer-imkerverein\/wp-content\/uploads\/2018\/05\/20180519_101435-300x169.jpg 300w, https:\/\/www.bremer-imker.de\/bremer-imkerverein\/wp-content\/uploads\/2018\/05\/20180519_101435-1024x576.jpg 1024w, https:\/\/www.bremer-imker.de\/bremer-imkerverein\/wp-content\/uploads\/2018\/05\/20180519_101435-450x250.jpg 450w, https:\/\/www.bremer-imker.de\/bremer-imkerverein\/wp-content\/uploads\/2018\/05\/20180519_101435-100x56.jpg 100w, https:\/\/www.bremer-imker.de\/bremer-imkerverein\/wp-content\/uploads\/2018\/05\/20180519_101435-972x543.jpg 972w, https:\/\/www.bremer-imker.de\/bremer-imkerverein\/wp-content\/uploads\/2018\/05\/20180519_101435-1350x754.jpg 1350w\" sizes=\"auto, 100vw\" \/><\/a>\n\t\t\t<\/div><\/figure>\n\t\t<\/div>\n\n","protected":false},"excerpt":{"rendered":"<p>Hier ein paar Eindr\u00fccke vom heutigen Umlarvtag. Ein gutes Auge und eine ruhige Hand sind von N\u00f6ten, um diese Arbeit zu machen, bei der die winzigen Larven mit sogenannten &#8222;Umlarvnadeln&#8220; in Weiselbecher umgesetzt werden. Ein &#8222;Pflegevolk&#8220; bekommt dann diese Weiselbecher eingesetzt und wird die Larven hoffentlich zu neuen K\u00f6niginnen aufziehen. Wir dr\u00fccken den Z\u00fcchtern die &hellip; <\/p>\n<p class=\"link-more\"><a href=\"https:\/\/www.bremer-imker.de\/bremer-imkerverein\/umlarvtag-2018\/\" class=\"more-link\">Mehr <span class=\"screen-reader-text\">\u00fcber &#8222;Umlarvtag 2018&#8220; <\/span>Lesen<\/a><\/p>\n","protected":false},"author":15,"featured_media":2369,"comment_status":"closed","ping_status":"open","sticky":false,"template":"","format":"standard","meta":{"footnotes":""},"categories":[1],"tags":[],"class_list":["post-2350","post","type-post","status-publish","format-standard","has-post-thumbnail","hentry","category-allgemein"],"_links":{"self":[{"href":"https:\/\/www.bremer-imker.de\/bremer-imkerverein\/wp-json\/wp\/v2\/posts\/2350","targetHints":{"allow":["GET"]}}],"collection":[{"href":"https:\/\/www.bremer-imker.de\/bremer-imkerverein\/wp-json\/wp\/v2\/posts"}],"about":[{"href":"https:\/\/www.bremer-imker.de\/bremer-imkerverein\/wp-json\/wp\/v2\/types\/post"}],"author":[{"embeddable":true,"href":"https:\/\/www.bremer-imker.de\/bremer-imkerverein\/wp-json\/wp\/v2\/users\/15"}],"replies":[{"embeddable":true,"href":"https:\/\/www.bremer-imker.de\/bremer-imkerverein\/wp-json\/wp\/v2\/comments?post=2350"}],"version-history":[{"count":6,"href":"https:\/\/www.bremer-imker.de\/bremer-imkerverein\/wp-json\/wp\/v2\/posts\/2350\/revisions"}],"predecessor-version":[{"id":2489,"href":"https:\/\/www.bremer-imker.de\/bremer-imkerverein\/wp-json\/wp\/v2\/posts\/2350\/revisions\/2489"}],"wp:featuredmedia":[{"embeddable":true,"href":"https:\/\/www.bremer-imker.de\/bremer-imkerverein\/wp-json\/wp\/v2\/media\/2369"}],"wp:attachment":[{"href":"https:\/\/www.bremer-imker.de\/bremer-imkerverein\/wp-json\/wp\/v2\/media?parent=2350"}],"wp:term":[{"taxonomy":"category","embeddable":true,"href":"https:\/\/www.bremer-imker.de\/bremer-imkerverein\/wp-json\/wp\/v2\/categories?post=2350"},{"taxonomy":"post_tag","embeddable":true,"href":"https:\/\/www.bremer-imker.de\/bremer-imkerverein\/wp-json\/wp\/v2\/tags?post=2350"}],"curies":[{"name":"wp","href":"https:\/\/api.w.org\/{rel}","templated":true}]}}