{"id":2577,"date":"2018-11-04T15:45:52","date_gmt":"2018-11-04T14:45:52","guid":{"rendered":"https:\/\/www.bremer-imker.de\/bremer-imkerverein\/?p=2577"},"modified":"2018-11-04T15:45:52","modified_gmt":"2018-11-04T14:45:52","slug":"mit-dem-parkdirektor-durch-den-buergerpark","status":"publish","type":"post","link":"https:\/\/www.bremer-imker.de\/bremer-imkerverein\/mit-dem-parkdirektor-durch-den-buergerpark\/","title":{"rendered":"Mit dem Parkdirektor durch den B\u00fcrgerpark"},"content":{"rendered":"<p>Am 21.10.2018 trafen sich rund 25 Vereinsmitglieder und Angeh\u00f6rige um 10 Uhr vor dem wei\u00dfen Tor. Im herbstlichen Glanz machten wir uns auf, den B\u00fcrgerpark zu erkunden. Dabei wurden wir vom Parkdirektor Tim Gro\u00dfmann pers\u00f6nlich durch die Parkanlage gef\u00fchrt. Bei unserem Rundgang machten wir unter anderem Halt am Marcusbrunnen, an einem der sechs Spielpl\u00e4tze, am Restaurant\/ Caf\u00e9 emma am see und am Tiergehege. Als wir an der Meierei angekommen waren, konnten wir noch einmal einen sch\u00f6nen Ausblick bis hin\u00fcber zum Parkhotel genie\u00dfen. Anschlie\u00dfend ging es vorbei am Eichenhain, den Verwaltungsgeb\u00e4uden, zur\u00fcck zum wei\u00dfen Tor. Tim Gro\u00dfmann hat eine sehr interessante und angenehme F\u00fchrung durch den B\u00fcrgerpark gegeben. So konnten wir viel \u00fcber die Historie und Architektur des B\u00fcrgerparks, aber auch \u00fcber die Pflege und Arbeit im B\u00fcrgerpark, erfahren. Gab es im letzten Jahr zu viel Wasser, mussten in 2018 Mittel und Wege gefunden werden, dass der Wasserstand nicht zu niedrig wird und die Pflanzen ausreichend versorgt sind. Dabei konnten z. B. die Rhododendren nur durch den Einsatz der Feuerwehr erhalten werden. Auch durch die St\u00fcrme waren Sch\u00e4den entstanden, die durch Neuanpflanzungen reguliert wurden. Bis es jedoch an den gesch\u00e4digten Stellen wie vorher aussieht, werden wohl noch Jahre bis Jahrzehnte vergehen.<\/p>\n<p>F\u00fcr die tolle F\u00fchrung bedankten wir uns recht herzlich mit einem kleinen Geschenk \u2026 nat\u00fcrlich Honig.<\/p>\n<p>Wer mehr \u00fcber den B\u00fcrgerpark erfahren m\u00f6chte, findet alle Informationen auf der Website unter:<\/p>\n<p><a href=\"http:\/\/www.buergerpark.de\">www.buergerpark.de<\/a><\/p>\n<p>Hier ein paar Eindr\u00fccke<\/p>\n<div id='gallery-1' class='gallery galleryid-2577 gallery-columns-3 gallery-size-thumbnail'><figure class='gallery-item'>\n\t\t\t<div class='gallery-icon landscape'>\n\t\t\t\t<a href='https:\/\/www.bremer-imker.de\/bremer-imkerverein\/wp-content\/uploads\/2018\/11\/K1600_B\u00fcrgerparkWanderung102018-14.jpg'><img loading=\"lazy\" decoding=\"async\" width=\"150\" height=\"100\" src=\"https:\/\/www.bremer-imker.de\/bremer-imkerverein\/wp-content\/uploads\/2018\/11\/K1600_B\u00fcrgerparkWanderung102018-14-150x100.jpg\" class=\"attachment-thumbnail size-thumbnail\" alt=\"\" srcset=\"https:\/\/www.bremer-imker.de\/bremer-imkerverein\/wp-content\/uploads\/2018\/11\/K1600_B\u00fcrgerparkWanderung102018-14-150x100.jpg 150w, https:\/\/www.bremer-imker.de\/bremer-imkerverein\/wp-content\/uploads\/2018\/11\/K1600_B\u00fcrgerparkWanderung102018-14-300x200.jpg 300w, https:\/\/www.bremer-imker.de\/bremer-imkerverein\/wp-content\/uploads\/2018\/11\/K1600_B\u00fcrgerparkWanderung102018-14-1024x683.jpg 1024w, https:\/\/www.bremer-imker.de\/bremer-imkerverein\/wp-content\/uploads\/2018\/11\/K1600_B\u00fcrgerparkWanderung102018-14-100x67.jpg 100w, https:\/\/www.bremer-imker.de\/bremer-imkerverein\/wp-content\/uploads\/2018\/11\/K1600_B\u00fcrgerparkWanderung102018-14-972x648.jpg 972w, https:\/\/www.bremer-imker.de\/bremer-imkerverein\/wp-content\/uploads\/2018\/11\/K1600_B\u00fcrgerparkWanderung102018-14-1350x900.jpg 1350w, https:\/\/www.bremer-imker.de\/bremer-imkerverein\/wp-content\/uploads\/2018\/11\/K1600_B\u00fcrgerparkWanderung102018-14.jpg 1800w\" sizes=\"auto, 100vw\" \/><\/a>\n\t\t\t<\/div><\/figure><figure class='gallery-item'>\n\t\t\t<div class='gallery-icon landscape'>\n\t\t\t\t<a href='https:\/\/www.bremer-imker.de\/bremer-imkerverein\/wp-content\/uploads\/2018\/11\/K1600_B\u00fcrgerparkWanderung102018-1.jpg'><img loading=\"lazy\" decoding=\"async\" width=\"150\" height=\"100\" src=\"https:\/\/www.bremer-imker.de\/bremer-imkerverein\/wp-content\/uploads\/2018\/11\/K1600_B\u00fcrgerparkWanderung102018-1-150x100.jpg\" class=\"attachment-thumbnail size-thumbnail\" alt=\"\" srcset=\"https:\/\/www.bremer-imker.de\/bremer-imkerverein\/wp-content\/uploads\/2018\/11\/K1600_B\u00fcrgerparkWanderung102018-1-150x100.jpg 150w, https:\/\/www.bremer-imker.de\/bremer-imkerverein\/wp-content\/uploads\/2018\/11\/K1600_B\u00fcrgerparkWanderung102018-1-300x200.jpg 300w, https:\/\/www.bremer-imker.de\/bremer-imkerverein\/wp-content\/uploads\/2018\/11\/K1600_B\u00fcrgerparkWanderung102018-1-1024x683.jpg 1024w, https:\/\/www.bremer-imker.de\/bremer-imkerverein\/wp-content\/uploads\/2018\/11\/K1600_B\u00fcrgerparkWanderung102018-1-100x67.jpg 100w, https:\/\/www.bremer-imker.de\/bremer-imkerverein\/wp-content\/uploads\/2018\/11\/K1600_B\u00fcrgerparkWanderung102018-1-972x648.jpg 972w, https:\/\/www.bremer-imker.de\/bremer-imkerverein\/wp-content\/uploads\/2018\/11\/K1600_B\u00fcrgerparkWanderung102018-1-1350x900.jpg 1350w, https:\/\/www.bremer-imker.de\/bremer-imkerverein\/wp-content\/uploads\/2018\/11\/K1600_B\u00fcrgerparkWanderung102018-1.jpg 1800w\" sizes=\"auto, 100vw\" \/><\/a>\n\t\t\t<\/div><\/figure><figure class='gallery-item'>\n\t\t\t<div class='gallery-icon landscape'>\n\t\t\t\t<a href='https:\/\/www.bremer-imker.de\/bremer-imkerverein\/wp-content\/uploads\/2018\/11\/K1600_B\u00fcrgerparkWanderung102018-2.jpg'><img loading=\"lazy\" decoding=\"async\" width=\"150\" height=\"100\" src=\"https:\/\/www.bremer-imker.de\/bremer-imkerverein\/wp-content\/uploads\/2018\/11\/K1600_B\u00fcrgerparkWanderung102018-2-150x100.jpg\" class=\"attachment-thumbnail size-thumbnail\" alt=\"\" srcset=\"https:\/\/www.bremer-imker.de\/bremer-imkerverein\/wp-content\/uploads\/2018\/11\/K1600_B\u00fcrgerparkWanderung102018-2-150x100.jpg 150w, https:\/\/www.bremer-imker.de\/bremer-imkerverein\/wp-content\/uploads\/2018\/11\/K1600_B\u00fcrgerparkWanderung102018-2-300x200.jpg 300w, https:\/\/www.bremer-imker.de\/bremer-imkerverein\/wp-content\/uploads\/2018\/11\/K1600_B\u00fcrgerparkWanderung102018-2-1024x683.jpg 1024w, https:\/\/www.bremer-imker.de\/bremer-imkerverein\/wp-content\/uploads\/2018\/11\/K1600_B\u00fcrgerparkWanderung102018-2-100x67.jpg 100w, https:\/\/www.bremer-imker.de\/bremer-imkerverein\/wp-content\/uploads\/2018\/11\/K1600_B\u00fcrgerparkWanderung102018-2-972x648.jpg 972w, https:\/\/www.bremer-imker.de\/bremer-imkerverein\/wp-content\/uploads\/2018\/11\/K1600_B\u00fcrgerparkWanderung102018-2-1350x900.jpg 1350w, https:\/\/www.bremer-imker.de\/bremer-imkerverein\/wp-content\/uploads\/2018\/11\/K1600_B\u00fcrgerparkWanderung102018-2.jpg 1800w\" sizes=\"auto, 100vw\" \/><\/a>\n\t\t\t<\/div><\/figure><figure class='gallery-item'>\n\t\t\t<div class='gallery-icon landscape'>\n\t\t\t\t<a href='https:\/\/www.bremer-imker.de\/bremer-imkerverein\/wp-content\/uploads\/2018\/11\/K1600_B\u00fcrgerparkWanderung102018-3.jpg'><img loading=\"lazy\" decoding=\"async\" width=\"150\" height=\"100\" src=\"https:\/\/www.bremer-imker.de\/bremer-imkerverein\/wp-content\/uploads\/2018\/11\/K1600_B\u00fcrgerparkWanderung102018-3-150x100.jpg\" class=\"attachment-thumbnail size-thumbnail\" alt=\"\" srcset=\"https:\/\/www.bremer-imker.de\/bremer-imkerverein\/wp-content\/uploads\/2018\/11\/K1600_B\u00fcrgerparkWanderung102018-3-150x100.jpg 150w, https:\/\/www.bremer-imker.de\/bremer-imkerverein\/wp-content\/uploads\/2018\/11\/K1600_B\u00fcrgerparkWanderung102018-3-300x200.jpg 300w, https:\/\/www.bremer-imker.de\/bremer-imkerverein\/wp-content\/uploads\/2018\/11\/K1600_B\u00fcrgerparkWanderung102018-3-1024x683.jpg 1024w, https:\/\/www.bremer-imker.de\/bremer-imkerverein\/wp-content\/uploads\/2018\/11\/K1600_B\u00fcrgerparkWanderung102018-3-100x67.jpg 100w, https:\/\/www.bremer-imker.de\/bremer-imkerverein\/wp-content\/uploads\/2018\/11\/K1600_B\u00fcrgerparkWanderung102018-3-972x648.jpg 972w, https:\/\/www.bremer-imker.de\/bremer-imkerverein\/wp-content\/uploads\/2018\/11\/K1600_B\u00fcrgerparkWanderung102018-3-1350x900.jpg 1350w, https:\/\/www.bremer-imker.de\/bremer-imkerverein\/wp-content\/uploads\/2018\/11\/K1600_B\u00fcrgerparkWanderung102018-3.jpg 1800w\" sizes=\"auto, 100vw\" \/><\/a>\n\t\t\t<\/div><\/figure><figure class='gallery-item'>\n\t\t\t<div class='gallery-icon landscape'>\n\t\t\t\t<a href='https:\/\/www.bremer-imker.de\/bremer-imkerverein\/wp-content\/uploads\/2018\/11\/K1600_B\u00fcrgerparkWanderung102018-4.jpg'><img loading=\"lazy\" decoding=\"async\" width=\"150\" height=\"100\" src=\"https:\/\/www.bremer-imker.de\/bremer-imkerverein\/wp-content\/uploads\/2018\/11\/K1600_B\u00fcrgerparkWanderung102018-4-150x100.jpg\" class=\"attachment-thumbnail size-thumbnail\" alt=\"\" srcset=\"https:\/\/www.bremer-imker.de\/bremer-imkerverein\/wp-content\/uploads\/2018\/11\/K1600_B\u00fcrgerparkWanderung102018-4-150x100.jpg 150w, https:\/\/www.bremer-imker.de\/bremer-imkerverein\/wp-content\/uploads\/2018\/11\/K1600_B\u00fcrgerparkWanderung102018-4-300x200.jpg 300w, https:\/\/www.bremer-imker.de\/bremer-imkerverein\/wp-content\/uploads\/2018\/11\/K1600_B\u00fcrgerparkWanderung102018-4-1024x683.jpg 1024w, https:\/\/www.bremer-imker.de\/bremer-imkerverein\/wp-content\/uploads\/2018\/11\/K1600_B\u00fcrgerparkWanderung102018-4-100x67.jpg 100w, https:\/\/www.bremer-imker.de\/bremer-imkerverein\/wp-content\/uploads\/2018\/11\/K1600_B\u00fcrgerparkWanderung102018-4-972x648.jpg 972w, https:\/\/www.bremer-imker.de\/bremer-imkerverein\/wp-content\/uploads\/2018\/11\/K1600_B\u00fcrgerparkWanderung102018-4-1350x900.jpg 1350w, https:\/\/www.bremer-imker.de\/bremer-imkerverein\/wp-content\/uploads\/2018\/11\/K1600_B\u00fcrgerparkWanderung102018-4.jpg 1800w\" sizes=\"auto, 100vw\" \/><\/a>\n\t\t\t<\/div><\/figure><figure class='gallery-item'>\n\t\t\t<div class='gallery-icon landscape'>\n\t\t\t\t<a href='https:\/\/www.bremer-imker.de\/bremer-imkerverein\/wp-content\/uploads\/2018\/11\/K1600_B\u00fcrgerparkWanderung102018-5.jpg'><img loading=\"lazy\" decoding=\"async\" width=\"150\" height=\"100\" src=\"https:\/\/www.bremer-imker.de\/bremer-imkerverein\/wp-content\/uploads\/2018\/11\/K1600_B\u00fcrgerparkWanderung102018-5-150x100.jpg\" class=\"attachment-thumbnail size-thumbnail\" alt=\"\" srcset=\"https:\/\/www.bremer-imker.de\/bremer-imkerverein\/wp-content\/uploads\/2018\/11\/K1600_B\u00fcrgerparkWanderung102018-5-150x100.jpg 150w, https:\/\/www.bremer-imker.de\/bremer-imkerverein\/wp-content\/uploads\/2018\/11\/K1600_B\u00fcrgerparkWanderung102018-5-300x200.jpg 300w, https:\/\/www.bremer-imker.de\/bremer-imkerverein\/wp-content\/uploads\/2018\/11\/K1600_B\u00fcrgerparkWanderung102018-5-1024x683.jpg 1024w, https:\/\/www.bremer-imker.de\/bremer-imkerverein\/wp-content\/uploads\/2018\/11\/K1600_B\u00fcrgerparkWanderung102018-5-100x67.jpg 100w, https:\/\/www.bremer-imker.de\/bremer-imkerverein\/wp-content\/uploads\/2018\/11\/K1600_B\u00fcrgerparkWanderung102018-5-972x648.jpg 972w, https:\/\/www.bremer-imker.de\/bremer-imkerverein\/wp-content\/uploads\/2018\/11\/K1600_B\u00fcrgerparkWanderung102018-5-1350x900.jpg 1350w, https:\/\/www.bremer-imker.de\/bremer-imkerverein\/wp-content\/uploads\/2018\/11\/K1600_B\u00fcrgerparkWanderung102018-5.jpg 1800w\" sizes=\"auto, 100vw\" \/><\/a>\n\t\t\t<\/div><\/figure><figure class='gallery-item'>\n\t\t\t<div class='gallery-icon landscape'>\n\t\t\t\t<a href='https:\/\/www.bremer-imker.de\/bremer-imkerverein\/wp-content\/uploads\/2018\/11\/K1600_B\u00fcrgerparkWanderung102018-6.jpg'><img loading=\"lazy\" decoding=\"async\" width=\"150\" height=\"100\" src=\"https:\/\/www.bremer-imker.de\/bremer-imkerverein\/wp-content\/uploads\/2018\/11\/K1600_B\u00fcrgerparkWanderung102018-6-150x100.jpg\" class=\"attachment-thumbnail size-thumbnail\" alt=\"\" srcset=\"https:\/\/www.bremer-imker.de\/bremer-imkerverein\/wp-content\/uploads\/2018\/11\/K1600_B\u00fcrgerparkWanderung102018-6-150x100.jpg 150w, https:\/\/www.bremer-imker.de\/bremer-imkerverein\/wp-content\/uploads\/2018\/11\/K1600_B\u00fcrgerparkWanderung102018-6-300x200.jpg 300w, https:\/\/www.bremer-imker.de\/bremer-imkerverein\/wp-content\/uploads\/2018\/11\/K1600_B\u00fcrgerparkWanderung102018-6-1024x683.jpg 1024w, https:\/\/www.bremer-imker.de\/bremer-imkerverein\/wp-content\/uploads\/2018\/11\/K1600_B\u00fcrgerparkWanderung102018-6-100x67.jpg 100w, https:\/\/www.bremer-imker.de\/bremer-imkerverein\/wp-content\/uploads\/2018\/11\/K1600_B\u00fcrgerparkWanderung102018-6-972x648.jpg 972w, https:\/\/www.bremer-imker.de\/bremer-imkerverein\/wp-content\/uploads\/2018\/11\/K1600_B\u00fcrgerparkWanderung102018-6-1350x900.jpg 1350w, https:\/\/www.bremer-imker.de\/bremer-imkerverein\/wp-content\/uploads\/2018\/11\/K1600_B\u00fcrgerparkWanderung102018-6.jpg 1800w\" sizes=\"auto, 100vw\" \/><\/a>\n\t\t\t<\/div><\/figure><figure class='gallery-item'>\n\t\t\t<div class='gallery-icon landscape'>\n\t\t\t\t<a href='https:\/\/www.bremer-imker.de\/bremer-imkerverein\/wp-content\/uploads\/2018\/11\/K1600_B\u00fcrgerparkWanderung102018-7.jpg'><img loading=\"lazy\" decoding=\"async\" width=\"150\" height=\"100\" src=\"https:\/\/www.bremer-imker.de\/bremer-imkerverein\/wp-content\/uploads\/2018\/11\/K1600_B\u00fcrgerparkWanderung102018-7-150x100.jpg\" class=\"attachment-thumbnail size-thumbnail\" alt=\"\" srcset=\"https:\/\/www.bremer-imker.de\/bremer-imkerverein\/wp-content\/uploads\/2018\/11\/K1600_B\u00fcrgerparkWanderung102018-7-150x100.jpg 150w, https:\/\/www.bremer-imker.de\/bremer-imkerverein\/wp-content\/uploads\/2018\/11\/K1600_B\u00fcrgerparkWanderung102018-7-300x200.jpg 300w, https:\/\/www.bremer-imker.de\/bremer-imkerverein\/wp-content\/uploads\/2018\/11\/K1600_B\u00fcrgerparkWanderung102018-7-1024x683.jpg 1024w, https:\/\/www.bremer-imker.de\/bremer-imkerverein\/wp-content\/uploads\/2018\/11\/K1600_B\u00fcrgerparkWanderung102018-7-100x67.jpg 100w, https:\/\/www.bremer-imker.de\/bremer-imkerverein\/wp-content\/uploads\/2018\/11\/K1600_B\u00fcrgerparkWanderung102018-7-972x648.jpg 972w, https:\/\/www.bremer-imker.de\/bremer-imkerverein\/wp-content\/uploads\/2018\/11\/K1600_B\u00fcrgerparkWanderung102018-7-1350x900.jpg 1350w, https:\/\/www.bremer-imker.de\/bremer-imkerverein\/wp-content\/uploads\/2018\/11\/K1600_B\u00fcrgerparkWanderung102018-7.jpg 1800w\" sizes=\"auto, 100vw\" \/><\/a>\n\t\t\t<\/div><\/figure><figure class='gallery-item'>\n\t\t\t<div class='gallery-icon portrait'>\n\t\t\t\t<a href='https:\/\/www.bremer-imker.de\/bremer-imkerverein\/wp-content\/uploads\/2018\/11\/K1600_B\u00fcrgerparkWanderung102018-8-e1541342363758.jpg'><img loading=\"lazy\" decoding=\"async\" width=\"100\" height=\"150\" src=\"https:\/\/www.bremer-imker.de\/bremer-imkerverein\/wp-content\/uploads\/2018\/11\/K1600_B\u00fcrgerparkWanderung102018-8-e1541342363758-100x150.jpg\" class=\"attachment-thumbnail size-thumbnail\" alt=\"\" srcset=\"https:\/\/www.bremer-imker.de\/bremer-imkerverein\/wp-content\/uploads\/2018\/11\/K1600_B\u00fcrgerparkWanderung102018-8-e1541342363758-100x150.jpg 100w, https:\/\/www.bremer-imker.de\/bremer-imkerverein\/wp-content\/uploads\/2018\/11\/K1600_B\u00fcrgerparkWanderung102018-8-e1541342363758-200x300.jpg 200w, https:\/\/www.bremer-imker.de\/bremer-imkerverein\/wp-content\/uploads\/2018\/11\/K1600_B\u00fcrgerparkWanderung102018-8-e1541342363758-683x1024.jpg 683w, https:\/\/www.bremer-imker.de\/bremer-imkerverein\/wp-content\/uploads\/2018\/11\/K1600_B\u00fcrgerparkWanderung102018-8-e1541342363758-972x1458.jpg 972w, https:\/\/www.bremer-imker.de\/bremer-imkerverein\/wp-content\/uploads\/2018\/11\/K1600_B\u00fcrgerparkWanderung102018-8-e1541342363758.jpg 1200w\" sizes=\"auto, 100vw\" \/><\/a>\n\t\t\t<\/div><\/figure><figure class='gallery-item'>\n\t\t\t<div class='gallery-icon landscape'>\n\t\t\t\t<a href='https:\/\/www.bremer-imker.de\/bremer-imkerverein\/wp-content\/uploads\/2018\/11\/K1600_B\u00fcrgerparkWanderung102018-9.jpg'><img loading=\"lazy\" decoding=\"async\" width=\"150\" height=\"100\" src=\"https:\/\/www.bremer-imker.de\/bremer-imkerverein\/wp-content\/uploads\/2018\/11\/K1600_B\u00fcrgerparkWanderung102018-9-150x100.jpg\" class=\"attachment-thumbnail size-thumbnail\" alt=\"\" srcset=\"https:\/\/www.bremer-imker.de\/bremer-imkerverein\/wp-content\/uploads\/2018\/11\/K1600_B\u00fcrgerparkWanderung102018-9-150x100.jpg 150w, https:\/\/www.bremer-imker.de\/bremer-imkerverein\/wp-content\/uploads\/2018\/11\/K1600_B\u00fcrgerparkWanderung102018-9-300x200.jpg 300w, https:\/\/www.bremer-imker.de\/bremer-imkerverein\/wp-content\/uploads\/2018\/11\/K1600_B\u00fcrgerparkWanderung102018-9-1024x683.jpg 1024w, https:\/\/www.bremer-imker.de\/bremer-imkerverein\/wp-content\/uploads\/2018\/11\/K1600_B\u00fcrgerparkWanderung102018-9-100x67.jpg 100w, https:\/\/www.bremer-imker.de\/bremer-imkerverein\/wp-content\/uploads\/2018\/11\/K1600_B\u00fcrgerparkWanderung102018-9-972x648.jpg 972w, https:\/\/www.bremer-imker.de\/bremer-imkerverein\/wp-content\/uploads\/2018\/11\/K1600_B\u00fcrgerparkWanderung102018-9-1350x900.jpg 1350w, https:\/\/www.bremer-imker.de\/bremer-imkerverein\/wp-content\/uploads\/2018\/11\/K1600_B\u00fcrgerparkWanderung102018-9.jpg 1800w\" sizes=\"auto, 100vw\" \/><\/a>\n\t\t\t<\/div><\/figure><figure class='gallery-item'>\n\t\t\t<div class='gallery-icon landscape'>\n\t\t\t\t<a href='https:\/\/www.bremer-imker.de\/bremer-imkerverein\/wp-content\/uploads\/2018\/11\/K1600_B\u00fcrgerparkWanderung102018-10.jpg'><img loading=\"lazy\" decoding=\"async\" width=\"150\" height=\"100\" src=\"https:\/\/www.bremer-imker.de\/bremer-imkerverein\/wp-content\/uploads\/2018\/11\/K1600_B\u00fcrgerparkWanderung102018-10-150x100.jpg\" class=\"attachment-thumbnail size-thumbnail\" alt=\"\" srcset=\"https:\/\/www.bremer-imker.de\/bremer-imkerverein\/wp-content\/uploads\/2018\/11\/K1600_B\u00fcrgerparkWanderung102018-10-150x100.jpg 150w, https:\/\/www.bremer-imker.de\/bremer-imkerverein\/wp-content\/uploads\/2018\/11\/K1600_B\u00fcrgerparkWanderung102018-10-300x200.jpg 300w, https:\/\/www.bremer-imker.de\/bremer-imkerverein\/wp-content\/uploads\/2018\/11\/K1600_B\u00fcrgerparkWanderung102018-10-1024x683.jpg 1024w, https:\/\/www.bremer-imker.de\/bremer-imkerverein\/wp-content\/uploads\/2018\/11\/K1600_B\u00fcrgerparkWanderung102018-10-100x67.jpg 100w, https:\/\/www.bremer-imker.de\/bremer-imkerverein\/wp-content\/uploads\/2018\/11\/K1600_B\u00fcrgerparkWanderung102018-10-972x648.jpg 972w, https:\/\/www.bremer-imker.de\/bremer-imkerverein\/wp-content\/uploads\/2018\/11\/K1600_B\u00fcrgerparkWanderung102018-10-1350x900.jpg 1350w, https:\/\/www.bremer-imker.de\/bremer-imkerverein\/wp-content\/uploads\/2018\/11\/K1600_B\u00fcrgerparkWanderung102018-10.jpg 1800w\" sizes=\"auto, 100vw\" \/><\/a>\n\t\t\t<\/div><\/figure><figure class='gallery-item'>\n\t\t\t<div class='gallery-icon landscape'>\n\t\t\t\t<a href='https:\/\/www.bremer-imker.de\/bremer-imkerverein\/wp-content\/uploads\/2018\/11\/K1600_B\u00fcrgerparkWanderung102018-11.jpg'><img loading=\"lazy\" decoding=\"async\" width=\"150\" height=\"100\" src=\"https:\/\/www.bremer-imker.de\/bremer-imkerverein\/wp-content\/uploads\/2018\/11\/K1600_B\u00fcrgerparkWanderung102018-11-150x100.jpg\" class=\"attachment-thumbnail size-thumbnail\" alt=\"\" srcset=\"https:\/\/www.bremer-imker.de\/bremer-imkerverein\/wp-content\/uploads\/2018\/11\/K1600_B\u00fcrgerparkWanderung102018-11-150x100.jpg 150w, https:\/\/www.bremer-imker.de\/bremer-imkerverein\/wp-content\/uploads\/2018\/11\/K1600_B\u00fcrgerparkWanderung102018-11-300x200.jpg 300w, https:\/\/www.bremer-imker.de\/bremer-imkerverein\/wp-content\/uploads\/2018\/11\/K1600_B\u00fcrgerparkWanderung102018-11-1024x683.jpg 1024w, https:\/\/www.bremer-imker.de\/bremer-imkerverein\/wp-content\/uploads\/2018\/11\/K1600_B\u00fcrgerparkWanderung102018-11-100x67.jpg 100w, https:\/\/www.bremer-imker.de\/bremer-imkerverein\/wp-content\/uploads\/2018\/11\/K1600_B\u00fcrgerparkWanderung102018-11-972x648.jpg 972w, https:\/\/www.bremer-imker.de\/bremer-imkerverein\/wp-content\/uploads\/2018\/11\/K1600_B\u00fcrgerparkWanderung102018-11-1350x900.jpg 1350w, https:\/\/www.bremer-imker.de\/bremer-imkerverein\/wp-content\/uploads\/2018\/11\/K1600_B\u00fcrgerparkWanderung102018-11.jpg 1800w\" sizes=\"auto, 100vw\" \/><\/a>\n\t\t\t<\/div><\/figure><figure class='gallery-item'>\n\t\t\t<div class='gallery-icon landscape'>\n\t\t\t\t<a href='https:\/\/www.bremer-imker.de\/bremer-imkerverein\/wp-content\/uploads\/2018\/11\/K1600_B\u00fcrgerparkWanderung102018-12.jpg'><img loading=\"lazy\" decoding=\"async\" width=\"150\" height=\"100\" src=\"https:\/\/www.bremer-imker.de\/bremer-imkerverein\/wp-content\/uploads\/2018\/11\/K1600_B\u00fcrgerparkWanderung102018-12-150x100.jpg\" class=\"attachment-thumbnail size-thumbnail\" alt=\"\" srcset=\"https:\/\/www.bremer-imker.de\/bremer-imkerverein\/wp-content\/uploads\/2018\/11\/K1600_B\u00fcrgerparkWanderung102018-12-150x100.jpg 150w, https:\/\/www.bremer-imker.de\/bremer-imkerverein\/wp-content\/uploads\/2018\/11\/K1600_B\u00fcrgerparkWanderung102018-12-300x200.jpg 300w, https:\/\/www.bremer-imker.de\/bremer-imkerverein\/wp-content\/uploads\/2018\/11\/K1600_B\u00fcrgerparkWanderung102018-12-1024x683.jpg 1024w, https:\/\/www.bremer-imker.de\/bremer-imkerverein\/wp-content\/uploads\/2018\/11\/K1600_B\u00fcrgerparkWanderung102018-12-100x67.jpg 100w, https:\/\/www.bremer-imker.de\/bremer-imkerverein\/wp-content\/uploads\/2018\/11\/K1600_B\u00fcrgerparkWanderung102018-12-972x648.jpg 972w, https:\/\/www.bremer-imker.de\/bremer-imkerverein\/wp-content\/uploads\/2018\/11\/K1600_B\u00fcrgerparkWanderung102018-12-1350x900.jpg 1350w, https:\/\/www.bremer-imker.de\/bremer-imkerverein\/wp-content\/uploads\/2018\/11\/K1600_B\u00fcrgerparkWanderung102018-12.jpg 1800w\" sizes=\"auto, 100vw\" \/><\/a>\n\t\t\t<\/div><\/figure><figure class='gallery-item'>\n\t\t\t<div class='gallery-icon landscape'>\n\t\t\t\t<a href='https:\/\/www.bremer-imker.de\/bremer-imkerverein\/wp-content\/uploads\/2018\/11\/K1600_B\u00fcrgerparkWanderung102018-13.jpg'><img loading=\"lazy\" decoding=\"async\" width=\"150\" height=\"100\" src=\"https:\/\/www.bremer-imker.de\/bremer-imkerverein\/wp-content\/uploads\/2018\/11\/K1600_B\u00fcrgerparkWanderung102018-13-150x100.jpg\" class=\"attachment-thumbnail size-thumbnail\" alt=\"\" srcset=\"https:\/\/www.bremer-imker.de\/bremer-imkerverein\/wp-content\/uploads\/2018\/11\/K1600_B\u00fcrgerparkWanderung102018-13-150x100.jpg 150w, https:\/\/www.bremer-imker.de\/bremer-imkerverein\/wp-content\/uploads\/2018\/11\/K1600_B\u00fcrgerparkWanderung102018-13-300x200.jpg 300w, https:\/\/www.bremer-imker.de\/bremer-imkerverein\/wp-content\/uploads\/2018\/11\/K1600_B\u00fcrgerparkWanderung102018-13-1024x683.jpg 1024w, https:\/\/www.bremer-imker.de\/bremer-imkerverein\/wp-content\/uploads\/2018\/11\/K1600_B\u00fcrgerparkWanderung102018-13-100x67.jpg 100w, https:\/\/www.bremer-imker.de\/bremer-imkerverein\/wp-content\/uploads\/2018\/11\/K1600_B\u00fcrgerparkWanderung102018-13-972x648.jpg 972w, https:\/\/www.bremer-imker.de\/bremer-imkerverein\/wp-content\/uploads\/2018\/11\/K1600_B\u00fcrgerparkWanderung102018-13-1350x900.jpg 1350w, https:\/\/www.bremer-imker.de\/bremer-imkerverein\/wp-content\/uploads\/2018\/11\/K1600_B\u00fcrgerparkWanderung102018-13.jpg 1800w\" sizes=\"auto, 100vw\" \/><\/a>\n\t\t\t<\/div><\/figure>\n\t\t<\/div>\n\n<p>&nbsp;<\/p>\n","protected":false},"excerpt":{"rendered":"<p>Am 21.10.2018 trafen sich rund 25 Vereinsmitglieder und Angeh\u00f6rige um 10 Uhr vor dem wei\u00dfen Tor. Im herbstlichen Glanz machten wir uns auf, den B\u00fcrgerpark zu erkunden. Dabei wurden wir vom Parkdirektor Tim Gro\u00dfmann pers\u00f6nlich durch die Parkanlage gef\u00fchrt. Bei unserem Rundgang machten wir unter anderem Halt am Marcusbrunnen, an einem der sechs Spielpl\u00e4tze, am &hellip; <\/p>\n<p class=\"link-more\"><a href=\"https:\/\/www.bremer-imker.de\/bremer-imkerverein\/mit-dem-parkdirektor-durch-den-buergerpark\/\" class=\"more-link\">Mehr <span class=\"screen-reader-text\">\u00fcber &#8222;Mit dem Parkdirektor durch den B\u00fcrgerpark&#8220; <\/span>Lesen<\/a><\/p>\n","protected":false},"author":1,"featured_media":2586,"comment_status":"closed","ping_status":"open","sticky":false,"template":"","format":"standard","meta":{"footnotes":""},"categories":[1],"tags":[],"class_list":["post-2577","post","type-post","status-publish","format-standard","has-post-thumbnail","hentry","category-allgemein"],"_links":{"self":[{"href":"https:\/\/www.bremer-imker.de\/bremer-imkerverein\/wp-json\/wp\/v2\/posts\/2577","targetHints":{"allow":["GET"]}}],"collection":[{"href":"https:\/\/www.bremer-imker.de\/bremer-imkerverein\/wp-json\/wp\/v2\/posts"}],"about":[{"href":"https:\/\/www.bremer-imker.de\/bremer-imkerverein\/wp-json\/wp\/v2\/types\/post"}],"author":[{"embeddable":true,"href":"https:\/\/www.bremer-imker.de\/bremer-imkerverein\/wp-json\/wp\/v2\/users\/1"}],"replies":[{"embeddable":true,"href":"https:\/\/www.bremer-imker.de\/bremer-imkerverein\/wp-json\/wp\/v2\/comments?post=2577"}],"version-history":[{"count":4,"href":"https:\/\/www.bremer-imker.de\/bremer-imkerverein\/wp-json\/wp\/v2\/posts\/2577\/revisions"}],"predecessor-version":[{"id":2595,"href":"https:\/\/www.bremer-imker.de\/bremer-imkerverein\/wp-json\/wp\/v2\/posts\/2577\/revisions\/2595"}],"wp:featuredmedia":[{"embeddable":true,"href":"https:\/\/www.bremer-imker.de\/bremer-imkerverein\/wp-json\/wp\/v2\/media\/2586"}],"wp:attachment":[{"href":"https:\/\/www.bremer-imker.de\/bremer-imkerverein\/wp-json\/wp\/v2\/media?parent=2577"}],"wp:term":[{"taxonomy":"category","embeddable":true,"href":"https:\/\/www.bremer-imker.de\/bremer-imkerverein\/wp-json\/wp\/v2\/categories?post=2577"},{"taxonomy":"post_tag","embeddable":true,"href":"https:\/\/www.bremer-imker.de\/bremer-imkerverein\/wp-json\/wp\/v2\/tags?post=2577"}],"curies":[{"name":"wp","href":"https:\/\/api.w.org\/{rel}","templated":true}]}}