{"id":2660,"date":"2018-11-16T18:29:48","date_gmt":"2018-11-16T17:29:48","guid":{"rendered":"https:\/\/www.bremer-imker.de\/bremer-imkerverein\/?p=2660"},"modified":"2018-11-18T15:45:22","modified_gmt":"2018-11-18T14:45:22","slug":"outdoor-learning-besuch-der-klasse-3b-beim-oberneulander-lehrbienenbestand","status":"publish","type":"post","link":"https:\/\/www.bremer-imker.de\/bremer-imkerverein\/outdoor-learning-besuch-der-klasse-3b-beim-oberneulander-lehrbienenbestand\/","title":{"rendered":"Apfeltag der Klasse 3b aus der Grundschule Oberneuland"},"content":{"rendered":"<p>In der Nachbarschaft zur Grundschule Oberneuland befindet sich der L\u00fcr-Kropp-Hof mit dem Lehr- und Schaubienenbestand des Bremer Imkervereins v. 1875. Dieser anerkannte au\u00dferschulische Lernort ist das Ziel der 3b, um alles \u00fcber die Bedeutung von Bienen f\u00fcr den Obstanbau zu lernen.<\/p>\n<p>An einem kalten aber sonnigen Herbsttag machen sich die Sch\u00fcler auf zu einem kurzen Spaziergang zum Imkerverein, der die Kinder eingeladen hat. Der Lehrbienenbestand liegt am Rande einer gro\u00dfen Obstwiese mit vielen Apfelb\u00e4umen, die nun erntereif sind.<\/p>\n<p>Die Klasse wird in zwei Gruppen eingeteilt. Die Apfelgruppe bekommt lange St\u00e4be (sogenannte Obstpfl\u00fccker), mit denen sie die \u00c4pfel erntet. Anschlie\u00dfend werden die \u00c4pfel zerkleinert, gemahlen und dann mit einer Obstpresse zu frischem Apfelsaft gepresst. Das Schneiden und Mahlen der \u00c4pfel stellt f\u00fcr einige Kinder eine echte Herausforderung und eine neue Lernerfahrung dar. Die Bienengruppe lernt in dieser Zeit alles \u00fcber das Bienenvolk und die Bedeutung der Bienen f\u00fcr Mensch und Umwelt: Blumen brauchen Bienen um sich fortzupflanzen, Bienen brauchen Blumen um Nahrung zu sammeln. G\u00e4be es keine Bienen mehr auf der Welt, h\u00e4tte dies einen enormen Einfluss auf die Vielfalt der Pflanzen. Fast alle Nutz- und Kulturpflanzen in Norddeutschland sind auf die Best\u00e4ubung durch Bienen angewiesen. Die Verf\u00fcgbarkeit eines Gro\u00dfteils der Nahrungsmittel wie viele Obst- und Gem\u00fcsesorten, aber auch N\u00fcsse und \u00d6le haben wir Bienen zu verdanken. Die Kinder sind sehr interessiert und freuen sich \u00fcber das Bienenspiel, bei dem die Kundschafterbiene Honigbonbons f\u00fcr den gesamten Bienenstand findet. Nach einer kleinen Pause mit Brot, Butter und leckerem Bremer Honig sowie dem selbstgepressten Apfelsaft tauschen die beiden Gruppen. So haben alle Kinder die M\u00f6glichkeit sich mit beiden Themen zu besch\u00e4ftigen.<\/p>\n<p>Der Apfeltag stellt eine willkommene Abwechslung zum Schulalltag dar. Die Sch\u00fcler haben viel Spa\u00df an dem Ausflug und beteiligen sich intensiv an den Outdoor-Learning-Aktivit\u00e4ten.<\/p>\n<p>Vielen Dank an Frau Espitalier f\u00fcr die kurzfristige Organisation und an Rita Schinkel vom Imkerverein sowie an Frank Winter, Leiter der Umwelt-Lernwerkstatt Osterholz Tenever.<\/p>\n<p>&nbsp;<\/p>\n<p>(Stefanie Holzberg)<\/p>\n<div id='gallery-1' class='gallery galleryid-2660 gallery-columns-3 gallery-size-thumbnail'><figure class='gallery-item'>\n\t\t\t<div class='gallery-icon portrait'>\n\t\t\t\t<a href='https:\/\/www.bremer-imker.de\/bremer-imkerverein\/wp-content\/uploads\/2018\/11\/Apfeltag-1.jpg'><img loading=\"lazy\" decoding=\"async\" width=\"113\" height=\"150\" src=\"https:\/\/www.bremer-imker.de\/bremer-imkerverein\/wp-content\/uploads\/2018\/11\/Apfeltag-1-113x150.jpg\" class=\"attachment-thumbnail size-thumbnail\" alt=\"\" srcset=\"https:\/\/www.bremer-imker.de\/bremer-imkerverein\/wp-content\/uploads\/2018\/11\/Apfeltag-1-113x150.jpg 113w, https:\/\/www.bremer-imker.de\/bremer-imkerverein\/wp-content\/uploads\/2018\/11\/Apfeltag-1-225x300.jpg 225w, https:\/\/www.bremer-imker.de\/bremer-imkerverein\/wp-content\/uploads\/2018\/11\/Apfeltag-1-768x1024.jpg 768w, https:\/\/www.bremer-imker.de\/bremer-imkerverein\/wp-content\/uploads\/2018\/11\/Apfeltag-1-100x133.jpg 100w, https:\/\/www.bremer-imker.de\/bremer-imkerverein\/wp-content\/uploads\/2018\/11\/Apfeltag-1-972x1296.jpg 972w, https:\/\/www.bremer-imker.de\/bremer-imkerverein\/wp-content\/uploads\/2018\/11\/Apfeltag-1-1350x1800.jpg 1350w\" sizes=\"auto, 100vw\" \/><\/a>\n\t\t\t<\/div><\/figure><figure class='gallery-item'>\n\t\t\t<div class='gallery-icon landscape'>\n\t\t\t\t<a href='https:\/\/www.bremer-imker.de\/bremer-imkerverein\/wp-content\/uploads\/2018\/11\/Apfeltag-2.jpg'><img loading=\"lazy\" decoding=\"async\" width=\"150\" height=\"113\" src=\"https:\/\/www.bremer-imker.de\/bremer-imkerverein\/wp-content\/uploads\/2018\/11\/Apfeltag-2-150x113.jpg\" class=\"attachment-thumbnail size-thumbnail\" alt=\"\" srcset=\"https:\/\/www.bremer-imker.de\/bremer-imkerverein\/wp-content\/uploads\/2018\/11\/Apfeltag-2-150x113.jpg 150w, https:\/\/www.bremer-imker.de\/bremer-imkerverein\/wp-content\/uploads\/2018\/11\/Apfeltag-2-300x225.jpg 300w, https:\/\/www.bremer-imker.de\/bremer-imkerverein\/wp-content\/uploads\/2018\/11\/Apfeltag-2-1024x768.jpg 1024w, https:\/\/www.bremer-imker.de\/bremer-imkerverein\/wp-content\/uploads\/2018\/11\/Apfeltag-2-100x75.jpg 100w, https:\/\/www.bremer-imker.de\/bremer-imkerverein\/wp-content\/uploads\/2018\/11\/Apfeltag-2-972x729.jpg 972w, https:\/\/www.bremer-imker.de\/bremer-imkerverein\/wp-content\/uploads\/2018\/11\/Apfeltag-2-1350x1013.jpg 1350w\" sizes=\"auto, 100vw\" \/><\/a>\n\t\t\t<\/div><\/figure><figure class='gallery-item'>\n\t\t\t<div class='gallery-icon landscape'>\n\t\t\t\t<a href='https:\/\/www.bremer-imker.de\/bremer-imkerverein\/wp-content\/uploads\/2018\/11\/Apfeltag-3.jpg'><img loading=\"lazy\" decoding=\"async\" width=\"150\" height=\"113\" src=\"https:\/\/www.bremer-imker.de\/bremer-imkerverein\/wp-content\/uploads\/2018\/11\/Apfeltag-3-150x113.jpg\" class=\"attachment-thumbnail size-thumbnail\" alt=\"\" srcset=\"https:\/\/www.bremer-imker.de\/bremer-imkerverein\/wp-content\/uploads\/2018\/11\/Apfeltag-3-150x113.jpg 150w, https:\/\/www.bremer-imker.de\/bremer-imkerverein\/wp-content\/uploads\/2018\/11\/Apfeltag-3-300x225.jpg 300w, https:\/\/www.bremer-imker.de\/bremer-imkerverein\/wp-content\/uploads\/2018\/11\/Apfeltag-3-1024x768.jpg 1024w, https:\/\/www.bremer-imker.de\/bremer-imkerverein\/wp-content\/uploads\/2018\/11\/Apfeltag-3-100x75.jpg 100w, https:\/\/www.bremer-imker.de\/bremer-imkerverein\/wp-content\/uploads\/2018\/11\/Apfeltag-3-972x729.jpg 972w, https:\/\/www.bremer-imker.de\/bremer-imkerverein\/wp-content\/uploads\/2018\/11\/Apfeltag-3-1350x1013.jpg 1350w\" sizes=\"auto, 100vw\" \/><\/a>\n\t\t\t<\/div><\/figure><figure class='gallery-item'>\n\t\t\t<div class='gallery-icon portrait'>\n\t\t\t\t<a href='https:\/\/www.bremer-imker.de\/bremer-imkerverein\/wp-content\/uploads\/2018\/11\/Apfeltag-4.jpg'><img loading=\"lazy\" decoding=\"async\" width=\"113\" height=\"150\" src=\"https:\/\/www.bremer-imker.de\/bremer-imkerverein\/wp-content\/uploads\/2018\/11\/Apfeltag-4-113x150.jpg\" class=\"attachment-thumbnail size-thumbnail\" alt=\"\" srcset=\"https:\/\/www.bremer-imker.de\/bremer-imkerverein\/wp-content\/uploads\/2018\/11\/Apfeltag-4-113x150.jpg 113w, https:\/\/www.bremer-imker.de\/bremer-imkerverein\/wp-content\/uploads\/2018\/11\/Apfeltag-4-225x300.jpg 225w, https:\/\/www.bremer-imker.de\/bremer-imkerverein\/wp-content\/uploads\/2018\/11\/Apfeltag-4-768x1024.jpg 768w, https:\/\/www.bremer-imker.de\/bremer-imkerverein\/wp-content\/uploads\/2018\/11\/Apfeltag-4-100x133.jpg 100w, https:\/\/www.bremer-imker.de\/bremer-imkerverein\/wp-content\/uploads\/2018\/11\/Apfeltag-4-972x1296.jpg 972w, https:\/\/www.bremer-imker.de\/bremer-imkerverein\/wp-content\/uploads\/2018\/11\/Apfeltag-4-1350x1800.jpg 1350w\" sizes=\"auto, 100vw\" \/><\/a>\n\t\t\t<\/div><\/figure><figure class='gallery-item'>\n\t\t\t<div class='gallery-icon portrait'>\n\t\t\t\t<a href='https:\/\/www.bremer-imker.de\/bremer-imkerverein\/wp-content\/uploads\/2018\/11\/Apfeltag-5.jpg'><img loading=\"lazy\" decoding=\"async\" width=\"113\" height=\"150\" src=\"https:\/\/www.bremer-imker.de\/bremer-imkerverein\/wp-content\/uploads\/2018\/11\/Apfeltag-5-113x150.jpg\" class=\"attachment-thumbnail size-thumbnail\" alt=\"\" srcset=\"https:\/\/www.bremer-imker.de\/bremer-imkerverein\/wp-content\/uploads\/2018\/11\/Apfeltag-5-113x150.jpg 113w, https:\/\/www.bremer-imker.de\/bremer-imkerverein\/wp-content\/uploads\/2018\/11\/Apfeltag-5-225x300.jpg 225w, https:\/\/www.bremer-imker.de\/bremer-imkerverein\/wp-content\/uploads\/2018\/11\/Apfeltag-5-768x1024.jpg 768w, https:\/\/www.bremer-imker.de\/bremer-imkerverein\/wp-content\/uploads\/2018\/11\/Apfeltag-5-100x133.jpg 100w, https:\/\/www.bremer-imker.de\/bremer-imkerverein\/wp-content\/uploads\/2018\/11\/Apfeltag-5-972x1296.jpg 972w, https:\/\/www.bremer-imker.de\/bremer-imkerverein\/wp-content\/uploads\/2018\/11\/Apfeltag-5-1350x1800.jpg 1350w\" sizes=\"auto, 100vw\" \/><\/a>\n\t\t\t<\/div><\/figure><figure class='gallery-item'>\n\t\t\t<div class='gallery-icon portrait'>\n\t\t\t\t<a href='https:\/\/www.bremer-imker.de\/bremer-imkerverein\/wp-content\/uploads\/2018\/11\/Apfeltag-6.jpg'><img loading=\"lazy\" decoding=\"async\" width=\"112\" height=\"150\" src=\"https:\/\/www.bremer-imker.de\/bremer-imkerverein\/wp-content\/uploads\/2018\/11\/Apfeltag-6-112x150.jpg\" class=\"attachment-thumbnail size-thumbnail\" alt=\"\" srcset=\"https:\/\/www.bremer-imker.de\/bremer-imkerverein\/wp-content\/uploads\/2018\/11\/Apfeltag-6-112x150.jpg 112w, https:\/\/www.bremer-imker.de\/bremer-imkerverein\/wp-content\/uploads\/2018\/11\/Apfeltag-6-225x300.jpg 225w, https:\/\/www.bremer-imker.de\/bremer-imkerverein\/wp-content\/uploads\/2018\/11\/Apfeltag-6-768x1024.jpg 768w, https:\/\/www.bremer-imker.de\/bremer-imkerverein\/wp-content\/uploads\/2018\/11\/Apfeltag-6-100x133.jpg 100w, https:\/\/www.bremer-imker.de\/bremer-imkerverein\/wp-content\/uploads\/2018\/11\/Apfeltag-6-972x1297.jpg 972w, https:\/\/www.bremer-imker.de\/bremer-imkerverein\/wp-content\/uploads\/2018\/11\/Apfeltag-6-1350x1801.jpg 1350w\" sizes=\"auto, 100vw\" \/><\/a>\n\t\t\t<\/div><\/figure><figure class='gallery-item'>\n\t\t\t<div class='gallery-icon portrait'>\n\t\t\t\t<a href='https:\/\/www.bremer-imker.de\/bremer-imkerverein\/wp-content\/uploads\/2018\/11\/Apfeltag-7.jpg'><img loading=\"lazy\" decoding=\"async\" width=\"113\" height=\"150\" src=\"https:\/\/www.bremer-imker.de\/bremer-imkerverein\/wp-content\/uploads\/2018\/11\/Apfeltag-7-113x150.jpg\" class=\"attachment-thumbnail size-thumbnail\" alt=\"\" srcset=\"https:\/\/www.bremer-imker.de\/bremer-imkerverein\/wp-content\/uploads\/2018\/11\/Apfeltag-7-113x150.jpg 113w, https:\/\/www.bremer-imker.de\/bremer-imkerverein\/wp-content\/uploads\/2018\/11\/Apfeltag-7-225x300.jpg 225w, https:\/\/www.bremer-imker.de\/bremer-imkerverein\/wp-content\/uploads\/2018\/11\/Apfeltag-7-768x1024.jpg 768w, https:\/\/www.bremer-imker.de\/bremer-imkerverein\/wp-content\/uploads\/2018\/11\/Apfeltag-7-100x133.jpg 100w, https:\/\/www.bremer-imker.de\/bremer-imkerverein\/wp-content\/uploads\/2018\/11\/Apfeltag-7-972x1296.jpg 972w, https:\/\/www.bremer-imker.de\/bremer-imkerverein\/wp-content\/uploads\/2018\/11\/Apfeltag-7-1350x1800.jpg 1350w\" sizes=\"auto, 100vw\" \/><\/a>\n\t\t\t<\/div><\/figure><figure class='gallery-item'>\n\t\t\t<div class='gallery-icon portrait'>\n\t\t\t\t<a href='https:\/\/www.bremer-imker.de\/bremer-imkerverein\/wp-content\/uploads\/2018\/11\/Apfeltag-8.jpg'><img loading=\"lazy\" decoding=\"async\" width=\"113\" height=\"150\" src=\"https:\/\/www.bremer-imker.de\/bremer-imkerverein\/wp-content\/uploads\/2018\/11\/Apfeltag-8-113x150.jpg\" class=\"attachment-thumbnail size-thumbnail\" alt=\"\" srcset=\"https:\/\/www.bremer-imker.de\/bremer-imkerverein\/wp-content\/uploads\/2018\/11\/Apfeltag-8-113x150.jpg 113w, https:\/\/www.bremer-imker.de\/bremer-imkerverein\/wp-content\/uploads\/2018\/11\/Apfeltag-8-225x300.jpg 225w, https:\/\/www.bremer-imker.de\/bremer-imkerverein\/wp-content\/uploads\/2018\/11\/Apfeltag-8-768x1024.jpg 768w, https:\/\/www.bremer-imker.de\/bremer-imkerverein\/wp-content\/uploads\/2018\/11\/Apfeltag-8-100x133.jpg 100w, https:\/\/www.bremer-imker.de\/bremer-imkerverein\/wp-content\/uploads\/2018\/11\/Apfeltag-8-972x1296.jpg 972w, https:\/\/www.bremer-imker.de\/bremer-imkerverein\/wp-content\/uploads\/2018\/11\/Apfeltag-8-1350x1800.jpg 1350w\" sizes=\"auto, 100vw\" \/><\/a>\n\t\t\t<\/div><\/figure>\n\t\t<\/div>\n\n","protected":false},"excerpt":{"rendered":"<p>In der Nachbarschaft zur Grundschule Oberneuland befindet sich der L\u00fcr-Kropp-Hof mit dem Lehr- und Schaubienenbestand des Bremer Imkervereins v. 1875. Dieser anerkannte au\u00dferschulische Lernort ist das Ziel der 3b, um alles \u00fcber die Bedeutung von Bienen f\u00fcr den Obstanbau zu lernen. An einem kalten aber sonnigen Herbsttag machen sich die Sch\u00fcler auf zu einem kurzen &hellip; <\/p>\n<p class=\"link-more\"><a href=\"https:\/\/www.bremer-imker.de\/bremer-imkerverein\/outdoor-learning-besuch-der-klasse-3b-beim-oberneulander-lehrbienenbestand\/\" class=\"more-link\">Mehr <span class=\"screen-reader-text\">\u00fcber &#8222;Apfeltag der Klasse 3b aus der Grundschule Oberneuland&#8220; <\/span>Lesen<\/a><\/p>\n","protected":false},"author":15,"featured_media":2669,"comment_status":"closed","ping_status":"open","sticky":false,"template":"","format":"standard","meta":{"footnotes":""},"categories":[1],"tags":[],"class_list":["post-2660","post","type-post","status-publish","format-standard","has-post-thumbnail","hentry","category-allgemein"],"_links":{"self":[{"href":"https:\/\/www.bremer-imker.de\/bremer-imkerverein\/wp-json\/wp\/v2\/posts\/2660","targetHints":{"allow":["GET"]}}],"collection":[{"href":"https:\/\/www.bremer-imker.de\/bremer-imkerverein\/wp-json\/wp\/v2\/posts"}],"about":[{"href":"https:\/\/www.bremer-imker.de\/bremer-imkerverein\/wp-json\/wp\/v2\/types\/post"}],"author":[{"embeddable":true,"href":"https:\/\/www.bremer-imker.de\/bremer-imkerverein\/wp-json\/wp\/v2\/users\/15"}],"replies":[{"embeddable":true,"href":"https:\/\/www.bremer-imker.de\/bremer-imkerverein\/wp-json\/wp\/v2\/comments?post=2660"}],"version-history":[{"count":5,"href":"https:\/\/www.bremer-imker.de\/bremer-imkerverein\/wp-json\/wp\/v2\/posts\/2660\/revisions"}],"predecessor-version":[{"id":2675,"href":"https:\/\/www.bremer-imker.de\/bremer-imkerverein\/wp-json\/wp\/v2\/posts\/2660\/revisions\/2675"}],"wp:featuredmedia":[{"embeddable":true,"href":"https:\/\/www.bremer-imker.de\/bremer-imkerverein\/wp-json\/wp\/v2\/media\/2669"}],"wp:attachment":[{"href":"https:\/\/www.bremer-imker.de\/bremer-imkerverein\/wp-json\/wp\/v2\/media?parent=2660"}],"wp:term":[{"taxonomy":"category","embeddable":true,"href":"https:\/\/www.bremer-imker.de\/bremer-imkerverein\/wp-json\/wp\/v2\/categories?post=2660"},{"taxonomy":"post_tag","embeddable":true,"href":"https:\/\/www.bremer-imker.de\/bremer-imkerverein\/wp-json\/wp\/v2\/tags?post=2660"}],"curies":[{"name":"wp","href":"https:\/\/api.w.org\/{rel}","templated":true}]}}