{"id":2788,"date":"2018-12-28T19:01:42","date_gmt":"2018-12-28T18:01:42","guid":{"rendered":"https:\/\/www.bremer-imker.de\/bremer-imkerverein\/?p=2788"},"modified":"2018-12-28T19:01:42","modified_gmt":"2018-12-28T18:01:42","slug":"hummeln-bienen-und-co-foerdern","status":"publish","type":"post","link":"https:\/\/www.bremer-imker.de\/bremer-imkerverein\/hummeln-bienen-und-co-foerdern\/","title":{"rendered":"Tageskurs \u201eHummeln, Bienen und Co. f\u00f6rdern \u2013 mit oder ohne eigene Imkerei?\u201c"},"content":{"rendered":"<p><strong>Kurstag:<\/strong>\u00a0\u00a0\u00a0\u00a0\u00a0 18. Mai 2019<\/p>\n<p><strong>Uhrzeit<\/strong>:\u00a0\u00a0\u00a0\u00a0\u00a0\u00a0 von 09:30 bis ca. 15:00 Uhr<\/p>\n<p><strong>Ort<\/strong>:\u00a0\u00a0\u00a0\u00a0\u00a0\u00a0\u00a0\u00a0\u00a0\u00a0\u00a0\u00a0\u00a0\u00a0\u00a0 Lehrbienenstand des Bremer Imkerverein von 1875 e. V. auf dem L\u00fcr-Kropp-Hof Rockwinkeler Landstr. 5 in Bremen<\/p>\n<p><strong>Kursleiter<\/strong>: Felix Hahn<\/p>\n<p>Sie haben vom \u201eBienensterben\u201c in den Medien geh\u00f6rt oder \u00fcberlegen, wie Sie Hummeln, solit\u00e4rlebenden Bienen und Honigbienen helfen k\u00f6nnen? Hier erhalten Sie Tipps f\u00fcr Ihren Garten und wie Nisthilfen aussehen k\u00f6nnten.<br \/>\n<strong>Wir werden auch in ein Bienvolk sehen<\/strong> und Sie erfahren etwas \u00fcber die\u00a0 T\u00e4tigkeit als ImkerInn.<br \/>\n<strong><u>Wir werden einfache Nisthilfen f\u00fcr Wildbienen und Ohrenkneifer selber bauen.<\/u><\/strong><br \/>\nHierf\u00fcr bitte einen Akuschrauber und Bohrer in der gr\u00f6\u00dfe von 1 &#8211; 10mm mitbringen. Und oder eine Pucks\u00e4ge.<br \/>\nRohlinge f\u00fcr Nisthilfen, Bambus und Stroh werden gestellt!<br \/>\nDa wir \u00fcberwiegend an der frischen Luft sind (Regendach vorhanden), ist angemessene Kleidung ratsam.<br \/>\nBringen Sie sich bitte ein Kopftuch (nicht in schwarzer Farbe) als Kopfbedeckung mit.<\/p>\n<p><strong>Kursgeb\u00fchr 25,00 \u20ac<\/strong><\/p>\n<p>Diese beinhaltet Kaffee, Tee und Wasser sowie ein gemeinsames Grillen in der Pause mit Wurst aus konventioneller Landwirtschaft (Hofladen Klatte).<\/p>\n<p><strong>Salate werden durch die TeilnehmerInnen bitte mitgebracht!<\/strong><\/p>\n<p>Mindestteilnehmerzahl: 15<br \/>\nH\u00f6chstteilnehmerzahl:\u00a0\u00a0 25<\/p>\n<p>Verbindliche Anmeldung:<\/p>\n<p>[ufbl form_id=&#8220;3&#8243;]<\/p>\n","protected":false},"excerpt":{"rendered":"<p>Kurstag:\u00a0\u00a0\u00a0\u00a0\u00a0 18. Mai 2019 Uhrzeit:\u00a0\u00a0\u00a0\u00a0\u00a0\u00a0 von 09:30 bis ca. 15:00 Uhr Ort:\u00a0\u00a0\u00a0\u00a0\u00a0\u00a0\u00a0\u00a0\u00a0\u00a0\u00a0\u00a0\u00a0\u00a0\u00a0 Lehrbienenstand des Bremer Imkerverein von 1875 e. V. auf dem L\u00fcr-Kropp-Hof Rockwinkeler Landstr. 5 in Bremen Kursleiter: Felix Hahn Sie haben vom \u201eBienensterben\u201c in den Medien geh\u00f6rt oder \u00fcberlegen, wie Sie Hummeln, solit\u00e4rlebenden Bienen und Honigbienen helfen k\u00f6nnen? Hier erhalten Sie Tipps f\u00fcr &hellip; <\/p>\n<p class=\"link-more\"><a href=\"https:\/\/www.bremer-imker.de\/bremer-imkerverein\/hummeln-bienen-und-co-foerdern\/\" class=\"more-link\">Mehr <span class=\"screen-reader-text\">\u00fcber &#8222;Tageskurs \u201eHummeln, Bienen und Co. f\u00f6rdern \u2013 mit oder ohne eigene Imkerei?\u201c&#8220; <\/span>Lesen<\/a><\/p>\n","protected":false},"author":1,"featured_media":1877,"comment_status":"closed","ping_status":"open","sticky":false,"template":"","format":"standard","meta":{"footnotes":""},"categories":[1],"tags":[],"class_list":["post-2788","post","type-post","status-publish","format-standard","has-post-thumbnail","hentry","category-allgemein"],"_links":{"self":[{"href":"https:\/\/www.bremer-imker.de\/bremer-imkerverein\/wp-json\/wp\/v2\/posts\/2788","targetHints":{"allow":["GET"]}}],"collection":[{"href":"https:\/\/www.bremer-imker.de\/bremer-imkerverein\/wp-json\/wp\/v2\/posts"}],"about":[{"href":"https:\/\/www.bremer-imker.de\/bremer-imkerverein\/wp-json\/wp\/v2\/types\/post"}],"author":[{"embeddable":true,"href":"https:\/\/www.bremer-imker.de\/bremer-imkerverein\/wp-json\/wp\/v2\/users\/1"}],"replies":[{"embeddable":true,"href":"https:\/\/www.bremer-imker.de\/bremer-imkerverein\/wp-json\/wp\/v2\/comments?post=2788"}],"version-history":[{"count":7,"href":"https:\/\/www.bremer-imker.de\/bremer-imkerverein\/wp-json\/wp\/v2\/posts\/2788\/revisions"}],"predecessor-version":[{"id":2795,"href":"https:\/\/www.bremer-imker.de\/bremer-imkerverein\/wp-json\/wp\/v2\/posts\/2788\/revisions\/2795"}],"wp:featuredmedia":[{"embeddable":true,"href":"https:\/\/www.bremer-imker.de\/bremer-imkerverein\/wp-json\/wp\/v2\/media\/1877"}],"wp:attachment":[{"href":"https:\/\/www.bremer-imker.de\/bremer-imkerverein\/wp-json\/wp\/v2\/media?parent=2788"}],"wp:term":[{"taxonomy":"category","embeddable":true,"href":"https:\/\/www.bremer-imker.de\/bremer-imkerverein\/wp-json\/wp\/v2\/categories?post=2788"},{"taxonomy":"post_tag","embeddable":true,"href":"https:\/\/www.bremer-imker.de\/bremer-imkerverein\/wp-json\/wp\/v2\/tags?post=2788"}],"curies":[{"name":"wp","href":"https:\/\/api.w.org\/{rel}","templated":true}]}}