{"id":3055,"date":"2019-03-23T15:52:09","date_gmt":"2019-03-23T14:52:09","guid":{"rendered":"https:\/\/www.bremer-imker.de\/bremer-imkerverein\/?p=3055"},"modified":"2019-04-03T19:52:14","modified_gmt":"2019-04-03T17:52:14","slug":"tage-der-offenen-tuer-am-lehrbienenstand","status":"publish","type":"post","link":"https:\/\/www.bremer-imker.de\/bremer-imkerverein\/tage-der-offenen-tuer-am-lehrbienenstand\/","title":{"rendered":"Tage der offenen T\u00fcr am Lehrbienenstand"},"content":{"rendered":"\n<p><strong>Ort: Bremen (Oberneuland) Rockwinkeler Landstr. 5.<\/strong><\/p>\n<p>Es beginnt mit dem 01. Mai 2019 von 10:00 bis 17:00 Uhr.<\/p>\n<p>Dann an folgenden Sonntagen von 10:00 &#8211; 12:00 Uhr:<\/p>\n12. Mai, <br>26. Mai, <br>09. Juni, <br>23. Juni, <br>30. Juni (Tag der Bremer Imker),<br>\n12. Juli, <br>21. Juli, <br>\n12. August, <br>18. August (letzter Tag)<br>\n<p><\/p>\n<p>\u00c4nderungen vorbehalten<\/p>\n<p>An diesen Tagen stehen erfahrene Imker f\u00fcr Ihre Fragen zur Verf\u00fcgung.<br>Selbstverst\u00e4ndlich ist der Stand jederzeit zu besichtigen, jedoch ohne vorherige Absprache, kann keine Betreuung gew\u00e4hrleistet werden.<\/p>\n<p>Sprechen Sie rechtzeitig einen Imker an, wenn sie eine F\u00fchrung w\u00fcnschen.<br><br><\/p>\n<p>Verantwortlicher f\u00fcr die Schulung der Neuimker ist<\/p>\n<p>Marten Carstensen<\/p>\n<p>f\u00fcr die Betreuung des Lehr- und Schaubienenstandes<\/p>\nHorst Wolfrum<br>\nMarten Carstensen<br>\nSuphi Abd\u00fclhay<br>\nDietmar Heine<br>\nThomas Walker<br>\nMarcus Br\u00e4unlich<br>\nAstrid M\u00fcller<br>\nMonique Espitalier<br>\n","protected":false},"excerpt":{"rendered":"<p>Ort: Bremen (Oberneuland) Rockwinkeler Landstr. 5. Es beginnt mit dem 01. Mai 2019 von 10:00 bis 17:00 Uhr. Dann an folgenden Sonntagen von 10:00 &#8211; 12:00 Uhr: 12. Mai, 26. Mai, 09. Juni, 23. Juni, 30. Juni (Tag der Bremer Imker), 12. Juli, 21. Juli, 12. August, 18. August (letzter Tag) \u00c4nderungen vorbehalten An diesen &hellip; <\/p>\n<p class=\"link-more\"><a href=\"https:\/\/www.bremer-imker.de\/bremer-imkerverein\/tage-der-offenen-tuer-am-lehrbienenstand\/\" class=\"more-link\">Mehr <span class=\"screen-reader-text\">\u00fcber &#8222;Tage der offenen T\u00fcr am Lehrbienenstand&#8220; <\/span>Lesen<\/a><\/p>\n","protected":false},"author":1,"featured_media":1189,"comment_status":"closed","ping_status":"open","sticky":false,"template":"","format":"quote","meta":{"footnotes":""},"categories":[1],"tags":[],"class_list":["post-3055","post","type-post","status-publish","format-quote","has-post-thumbnail","hentry","category-allgemein","post_format-post-format-quote"],"_links":{"self":[{"href":"https:\/\/www.bremer-imker.de\/bremer-imkerverein\/wp-json\/wp\/v2\/posts\/3055","targetHints":{"allow":["GET"]}}],"collection":[{"href":"https:\/\/www.bremer-imker.de\/bremer-imkerverein\/wp-json\/wp\/v2\/posts"}],"about":[{"href":"https:\/\/www.bremer-imker.de\/bremer-imkerverein\/wp-json\/wp\/v2\/types\/post"}],"author":[{"embeddable":true,"href":"https:\/\/www.bremer-imker.de\/bremer-imkerverein\/wp-json\/wp\/v2\/users\/1"}],"replies":[{"embeddable":true,"href":"https:\/\/www.bremer-imker.de\/bremer-imkerverein\/wp-json\/wp\/v2\/comments?post=3055"}],"version-history":[{"count":6,"href":"https:\/\/www.bremer-imker.de\/bremer-imkerverein\/wp-json\/wp\/v2\/posts\/3055\/revisions"}],"predecessor-version":[{"id":3071,"href":"https:\/\/www.bremer-imker.de\/bremer-imkerverein\/wp-json\/wp\/v2\/posts\/3055\/revisions\/3071"}],"wp:featuredmedia":[{"embeddable":true,"href":"https:\/\/www.bremer-imker.de\/bremer-imkerverein\/wp-json\/wp\/v2\/media\/1189"}],"wp:attachment":[{"href":"https:\/\/www.bremer-imker.de\/bremer-imkerverein\/wp-json\/wp\/v2\/media?parent=3055"}],"wp:term":[{"taxonomy":"category","embeddable":true,"href":"https:\/\/www.bremer-imker.de\/bremer-imkerverein\/wp-json\/wp\/v2\/categories?post=3055"},{"taxonomy":"post_tag","embeddable":true,"href":"https:\/\/www.bremer-imker.de\/bremer-imkerverein\/wp-json\/wp\/v2\/tags?post=3055"}],"curies":[{"name":"wp","href":"https:\/\/api.w.org\/{rel}","templated":true}]}}