{"id":3106,"date":"2019-04-10T10:05:46","date_gmt":"2019-04-10T08:05:46","guid":{"rendered":"https:\/\/www.bremer-imker.de\/bremer-imkerverein\/?p=3106"},"modified":"2019-06-15T17:06:45","modified_gmt":"2019-06-15T15:06:45","slug":"sommerferienprogramm-2019","status":"publish","type":"post","link":"https:\/\/www.bremer-imker.de\/bremer-imkerverein\/sommerferienprogramm-2019\/","title":{"rendered":"Sommerferienprogramm 2019"},"content":{"rendered":"\n<figure class=\"wp-block-image\"><img loading=\"lazy\" decoding=\"async\" width=\"1200\" height=\"675\" src=\"https:\/\/www.bremer-imker.de\/bremer-imkerverein\/wp-content\/uploads\/2019\/04\/Sommerferienprogramm_klein.jpg\" alt=\"\" class=\"wp-image-3105\"\/><\/figure>\n\n\n\n<p>Unser Sommerferienprogramm findet dieses Jahr: vom 08.07. bis zum 12.07. 2019 f\u00fcr Kinder von 8-12 Jahren statt<br>Folgende Themen bieten wir an:<\/p>\n\n\n\n<ul class=\"wp-block-list\"><li>Bienenforscher werden:<br>Honigbienen und Wildbienen jeden Tag besser kennen lernen, verstehen und mit ihnen<br>leben lernen. Dazu spielen wir das soziale Verhalten der Bienen nach. Die Bienen und deren<br>Produkte mit allen Sinnen erfassen.<\/li><li>Verschiedene Bienenwohnungen eingehender erforschen.<br>Lebensr\u00e4ume f\u00fcr die Bienen schaffen bzw. bauen, sowie Nahrung daf\u00fcr s\u00e4en und pflanzen<\/li><li>Das Bienenprodukt Wachs in vielen Facetten kennen lernen. Seinen Nutzen f\u00fcr Tier und<br>Mensch anwenden.<\/li><li>Malwettbewerb:<br>Bienenk\u00e4sten aus verschiedenen Materialien bemalen.<\/li><li>Bienen und andere Haustiere am Kinderbauernhof Tenever streicheln und f\u00fcttern.<br>Au\u00dferdem mit viel Austobe &#8211; M\u00f6glichkeit am Spielplatz.<\/li><li>Kochen und backen mit Honig<br>Aus Honig zaubern wir viele leckere Gerichte, die dann aufgegessen werden. Die Reste<br>k\u00f6nnen in mitgebrachten Beh\u00e4ltnissen mitgenommen werden.<br>*****<br><strong>Es gibt jeden Tag ein Honig- Fr\u00fchst\u00fcck.<\/strong><\/li><\/ul>\n\n\n\n<p>Veranstaltungsorte:<br>Lehrbienenstand auf dem L\u00fcr Kropp Hof, Rockwinkeler Landstra\u00dfe 5, Bremen Oberneuland<br>Kinderbauernhof Tenever, Am Osterholzer Deich 14, 28325-Bremen<br>Zeit: Mo. bis Fr. 9:00 Uhr bis 13:00 Uhr<br>Zum Event <a href=\"https:\/\/www.bremer-imker.de\/bremer-imkerverein\/veranstaltungen\/sommerferienprogramm\/\">https:\/\/www.bremer-imker.de\/bremer-imkerverein\/veranstaltungen\/sommerferienprogramm\/<\/a><br>Kosten: 50\u20ac, Geschwister 30\u20ac, Kinder mit Bremen Pass 30\u20ac<br>Anmeldeschluss: 28.06. 2018<br>Anmeldung bei: Rita Schinkel; Tel.: 04207-2185 oder per Mail: schinkelrita@aol.com<\/p>\n\n\n\n<p>Auf Eure Teilnahme freut sich der Imkerverein Bremen von 1875 e.V.<\/p>\n\n\n<p>[ufbl form_id=&#8220;6&#8243;]<\/p>\n","protected":false},"excerpt":{"rendered":"<p>Unser Sommerferienprogramm findet dieses Jahr: vom 08.07. bis zum 12.07. 2019 f\u00fcr Kinder von 8-12 Jahren stattFolgende Themen bieten wir an: Bienenforscher werden:Honigbienen und Wildbienen jeden Tag besser kennen lernen, verstehen und mit ihnenleben lernen. Dazu spielen wir das soziale Verhalten der Bienen nach. Die Bienen und derenProdukte mit allen Sinnen erfassen. Verschiedene Bienenwohnungen eingehender &hellip; <\/p>\n<p class=\"link-more\"><a href=\"https:\/\/www.bremer-imker.de\/bremer-imkerverein\/sommerferienprogramm-2019\/\" class=\"more-link\">Mehr <span class=\"screen-reader-text\">\u00fcber &#8222;Sommerferienprogramm 2019&#8220; <\/span>Lesen<\/a><\/p>\n","protected":false},"author":1,"featured_media":3105,"comment_status":"closed","ping_status":"open","sticky":false,"template":"","format":"standard","meta":{"footnotes":""},"categories":[1],"tags":[],"class_list":["post-3106","post","type-post","status-publish","format-standard","has-post-thumbnail","hentry","category-allgemein"],"_links":{"self":[{"href":"https:\/\/www.bremer-imker.de\/bremer-imkerverein\/wp-json\/wp\/v2\/posts\/3106","targetHints":{"allow":["GET"]}}],"collection":[{"href":"https:\/\/www.bremer-imker.de\/bremer-imkerverein\/wp-json\/wp\/v2\/posts"}],"about":[{"href":"https:\/\/www.bremer-imker.de\/bremer-imkerverein\/wp-json\/wp\/v2\/types\/post"}],"author":[{"embeddable":true,"href":"https:\/\/www.bremer-imker.de\/bremer-imkerverein\/wp-json\/wp\/v2\/users\/1"}],"replies":[{"embeddable":true,"href":"https:\/\/www.bremer-imker.de\/bremer-imkerverein\/wp-json\/wp\/v2\/comments?post=3106"}],"version-history":[{"count":4,"href":"https:\/\/www.bremer-imker.de\/bremer-imkerverein\/wp-json\/wp\/v2\/posts\/3106\/revisions"}],"predecessor-version":[{"id":3112,"href":"https:\/\/www.bremer-imker.de\/bremer-imkerverein\/wp-json\/wp\/v2\/posts\/3106\/revisions\/3112"}],"wp:featuredmedia":[{"embeddable":true,"href":"https:\/\/www.bremer-imker.de\/bremer-imkerverein\/wp-json\/wp\/v2\/media\/3105"}],"wp:attachment":[{"href":"https:\/\/www.bremer-imker.de\/bremer-imkerverein\/wp-json\/wp\/v2\/media?parent=3106"}],"wp:term":[{"taxonomy":"category","embeddable":true,"href":"https:\/\/www.bremer-imker.de\/bremer-imkerverein\/wp-json\/wp\/v2\/categories?post=3106"},{"taxonomy":"post_tag","embeddable":true,"href":"https:\/\/www.bremer-imker.de\/bremer-imkerverein\/wp-json\/wp\/v2\/tags?post=3106"}],"curies":[{"name":"wp","href":"https:\/\/api.w.org\/{rel}","templated":true}]}}