{"id":3947,"date":"2021-09-08T14:55:10","date_gmt":"2021-09-08T12:55:10","guid":{"rendered":"https:\/\/www.bremer-imker.de\/bremer-imkerverein\/?p=3947"},"modified":"2021-09-08T14:55:12","modified_gmt":"2021-09-08T12:55:12","slug":"komplette-aufhebung-der-sperrzone-fuer-bienen","status":"publish","type":"post","link":"https:\/\/www.bremer-imker.de\/bremer-imkerverein\/komplette-aufhebung-der-sperrzone-fuer-bienen\/","title":{"rendered":"Komplette Aufhebung der Sperrzone f\u00fcr Bienen."},"content":{"rendered":"\n<p>Das LMTVet gibt die Aufhebung der auf Grundlage des \u00a710 BienSeuchV erfolgten Allgemeinverf\u00fcgung aufgrund der Feststellung der Amerikanischen Faulbrut vom 27.03.2020 bekannt.<\/p>\n\n\n\n<p>N\u00e4heres unter:<\/p>\n\n\n\n<p><a href=\"https:\/\/www.lmtvet.bremen.de\/tiere\/tierseuchen\/bienen-11158\" target=\"_blank\" rel=\"noreferrer noopener\">Lebensmittel\u00fcberwachungs-, Tierschutz und Veterin\u00e4rdienst des Landes Bremen (LMTVet) &#8211; Bienen<\/a><\/p>\n\n\n\n<p><strong>Bitte weiterhin Futterkranzproben abgeben, damit einem erneuten Ausbruch der AFB vorgebeugt werden kann. Leider gibt es noch immer St\u00e4nde mit geringer Belastung AFB au\u00dferhalb des Sperrbezirks, insbesondere in Grolland und der n\u00e4heren Umgebung.<\/strong><\/p>\n","protected":false},"excerpt":{"rendered":"<p>Das LMTVet gibt die Aufhebung der auf Grundlage des \u00a710 BienSeuchV erfolgten Allgemeinverf\u00fcgung aufgrund der Feststellung der Amerikanischen Faulbrut vom 27.03.2020 bekannt. N\u00e4heres unter: Lebensmittel\u00fcberwachungs-, Tierschutz und Veterin\u00e4rdienst des Landes Bremen (LMTVet) &#8211; Bienen Bitte weiterhin Futterkranzproben abgeben, damit einem erneuten Ausbruch der AFB vorgebeugt werden kann. Leider gibt es noch immer St\u00e4nde mit geringer &hellip; <\/p>\n<p class=\"link-more\"><a href=\"https:\/\/www.bremer-imker.de\/bremer-imkerverein\/komplette-aufhebung-der-sperrzone-fuer-bienen\/\" class=\"more-link\">Mehr <span class=\"screen-reader-text\">\u00fcber &#8222;Komplette Aufhebung der Sperrzone f\u00fcr Bienen.&#8220; <\/span>Lesen<\/a><\/p>\n","protected":false},"author":1,"featured_media":0,"comment_status":"closed","ping_status":"open","sticky":false,"template":"","format":"standard","meta":{"footnotes":""},"categories":[1],"tags":[],"class_list":["post-3947","post","type-post","status-publish","format-standard","hentry","category-allgemein"],"_links":{"self":[{"href":"https:\/\/www.bremer-imker.de\/bremer-imkerverein\/wp-json\/wp\/v2\/posts\/3947","targetHints":{"allow":["GET"]}}],"collection":[{"href":"https:\/\/www.bremer-imker.de\/bremer-imkerverein\/wp-json\/wp\/v2\/posts"}],"about":[{"href":"https:\/\/www.bremer-imker.de\/bremer-imkerverein\/wp-json\/wp\/v2\/types\/post"}],"author":[{"embeddable":true,"href":"https:\/\/www.bremer-imker.de\/bremer-imkerverein\/wp-json\/wp\/v2\/users\/1"}],"replies":[{"embeddable":true,"href":"https:\/\/www.bremer-imker.de\/bremer-imkerverein\/wp-json\/wp\/v2\/comments?post=3947"}],"version-history":[{"count":2,"href":"https:\/\/www.bremer-imker.de\/bremer-imkerverein\/wp-json\/wp\/v2\/posts\/3947\/revisions"}],"predecessor-version":[{"id":3949,"href":"https:\/\/www.bremer-imker.de\/bremer-imkerverein\/wp-json\/wp\/v2\/posts\/3947\/revisions\/3949"}],"wp:attachment":[{"href":"https:\/\/www.bremer-imker.de\/bremer-imkerverein\/wp-json\/wp\/v2\/media?parent=3947"}],"wp:term":[{"taxonomy":"category","embeddable":true,"href":"https:\/\/www.bremer-imker.de\/bremer-imkerverein\/wp-json\/wp\/v2\/categories?post=3947"},{"taxonomy":"post_tag","embeddable":true,"href":"https:\/\/www.bremer-imker.de\/bremer-imkerverein\/wp-json\/wp\/v2\/tags?post=3947"}],"curies":[{"name":"wp","href":"https:\/\/api.w.org\/{rel}","templated":true}]}}