{"id":4039,"date":"2021-10-27T12:50:04","date_gmt":"2021-10-27T10:50:04","guid":{"rendered":"https:\/\/www.bremer-imker.de\/bremer-imkerverein\/?p=4039"},"modified":"2021-11-03T19:36:04","modified_gmt":"2021-11-03T18:36:04","slug":"jetzt-futterkranzproben-nehmen","status":"publish","type":"post","link":"https:\/\/www.bremer-imker.de\/bremer-imkerverein\/jetzt-futterkranzproben-nehmen\/","title":{"rendered":"Jetzt Futterkranzproben nehmen!"},"content":{"rendered":"\n<p>Die&nbsp;<strong>Futterkranzproben:<\/strong>&nbsp;Diese k\u00f6nnen am besten beim n\u00e4chsten Monatsabend (am&nbsp;<strong>2. November auf dem L\u00fcr-Kropp-Hof,&nbsp;<\/strong>s.u.) oder donnerstags nachmittags am Lehrbienenstand abgegeben werden.&nbsp;<\/p>\n\n\n\n<p><\/p>\n\n\n\n<p>Auf unserer Homepage k\u00f6nnt Ihr Euch die Anleitung und das\u00a0<strong>Probenprotokoll\u00a0<\/strong>(UNBEDINGT der Probe beizulegen) herunterladen:\u00a0<a rel=\"noreferrer noopener\" href=\"https:\/\/www.bremer-imker.de\/bremer-imkerverein\/bienengesundheit-2\/\" target=\"_blank\">https:\/\/www.bremer-imker.de\/bremer-imkerverein\/bienengesundheit-2\/<\/a>\u00a0<\/p>\n\n\n\n<figure class=\"wp-block-gallery columns-3 is-cropped wp-block-gallery-1 is-layout-flex wp-block-gallery-is-layout-flex\"><ul class=\"blocks-gallery-grid\"><li class=\"blocks-gallery-item\"><figure><img loading=\"lazy\" decoding=\"async\" width=\"960\" height=\"1280\" src=\"https:\/\/www.bremer-imker.de\/bremer-imkerverein\/wp-content\/uploads\/2021\/11\/photo_2021-11-03-19.33.00.jpeg\" alt=\"\" data-id=\"4045\" data-link=\"https:\/\/www.bremer-imker.de\/bremer-imkerverein\/jetzt-futterkranzproben-nehmen\/photo_2021-11-03-19-33-00\/\" class=\"wp-image-4045\"\/><\/figure><\/li><li class=\"blocks-gallery-item\"><figure><img loading=\"lazy\" decoding=\"async\" width=\"960\" height=\"1280\" src=\"https:\/\/www.bremer-imker.de\/bremer-imkerverein\/wp-content\/uploads\/2021\/11\/photo_2021-11-03-19.32.58.jpeg\" alt=\"\" data-id=\"4046\" data-link=\"https:\/\/www.bremer-imker.de\/bremer-imkerverein\/jetzt-futterkranzproben-nehmen\/photo_2021-11-03-19-32-58\/\" class=\"wp-image-4046\"\/><\/figure><\/li><li class=\"blocks-gallery-item\"><figure><img loading=\"lazy\" decoding=\"async\" width=\"960\" height=\"1280\" src=\"https:\/\/www.bremer-imker.de\/bremer-imkerverein\/wp-content\/uploads\/2021\/11\/photo_2021-11-03-19.32.56.jpeg\" alt=\"\" data-id=\"4047\" data-link=\"https:\/\/www.bremer-imker.de\/bremer-imkerverein\/jetzt-futterkranzproben-nehmen\/photo_2021-11-03-19-32-56\/\" class=\"wp-image-4047\"\/><\/figure><\/li><\/ul><\/figure>\n","protected":false},"excerpt":{"rendered":"<p>Die&nbsp;Futterkranzproben:&nbsp;Diese k\u00f6nnen am besten beim n\u00e4chsten Monatsabend (am&nbsp;2. November auf dem L\u00fcr-Kropp-Hof,&nbsp;s.u.) oder donnerstags nachmittags am Lehrbienenstand abgegeben werden.&nbsp; Auf unserer Homepage k\u00f6nnt Ihr Euch die Anleitung und das\u00a0Probenprotokoll\u00a0(UNBEDINGT der Probe beizulegen) herunterladen:\u00a0https:\/\/www.bremer-imker.de\/bremer-imkerverein\/bienengesundheit-2\/\u00a0<\/p>\n","protected":false},"author":1,"featured_media":0,"comment_status":"closed","ping_status":"open","sticky":false,"template":"","format":"standard","meta":{"footnotes":""},"categories":[1],"tags":[],"class_list":["post-4039","post","type-post","status-publish","format-standard","hentry","category-allgemein"],"_links":{"self":[{"href":"https:\/\/www.bremer-imker.de\/bremer-imkerverein\/wp-json\/wp\/v2\/posts\/4039","targetHints":{"allow":["GET"]}}],"collection":[{"href":"https:\/\/www.bremer-imker.de\/bremer-imkerverein\/wp-json\/wp\/v2\/posts"}],"about":[{"href":"https:\/\/www.bremer-imker.de\/bremer-imkerverein\/wp-json\/wp\/v2\/types\/post"}],"author":[{"embeddable":true,"href":"https:\/\/www.bremer-imker.de\/bremer-imkerverein\/wp-json\/wp\/v2\/users\/1"}],"replies":[{"embeddable":true,"href":"https:\/\/www.bremer-imker.de\/bremer-imkerverein\/wp-json\/wp\/v2\/comments?post=4039"}],"version-history":[{"count":3,"href":"https:\/\/www.bremer-imker.de\/bremer-imkerverein\/wp-json\/wp\/v2\/posts\/4039\/revisions"}],"predecessor-version":[{"id":4049,"href":"https:\/\/www.bremer-imker.de\/bremer-imkerverein\/wp-json\/wp\/v2\/posts\/4039\/revisions\/4049"}],"wp:attachment":[{"href":"https:\/\/www.bremer-imker.de\/bremer-imkerverein\/wp-json\/wp\/v2\/media?parent=4039"}],"wp:term":[{"taxonomy":"category","embeddable":true,"href":"https:\/\/www.bremer-imker.de\/bremer-imkerverein\/wp-json\/wp\/v2\/categories?post=4039"},{"taxonomy":"post_tag","embeddable":true,"href":"https:\/\/www.bremer-imker.de\/bremer-imkerverein\/wp-json\/wp\/v2\/tags?post=4039"}],"curies":[{"name":"wp","href":"https:\/\/api.w.org\/{rel}","templated":true}]}}