{"id":4088,"date":"2022-01-17T10:02:40","date_gmt":"2022-01-17T09:02:40","guid":{"rendered":"https:\/\/www.bremer-imker.de\/bremer-imkerverein\/?p=4088"},"modified":"2022-01-19T12:20:57","modified_gmt":"2022-01-19T11:20:57","slug":"dr-gotthard-kempf-verstorben","status":"publish","type":"post","link":"https:\/\/www.bremer-imker.de\/bremer-imkerverein\/dr-gotthard-kempf-verstorben\/","title":{"rendered":"Nachruf Dr. Gotthard Kempf verstorben"},"content":{"rendered":"\n<p>Am 06.01.2022 verstarb unser langj\u00e4hriges Mitglied Dr. med. Gotthard Kempf im Alter von 88 Jahren. Neben der Medizin waren Bienen sein Lebensinhalt. Schon fr\u00fch begann er mit der Imkerei. Wissensdurstig, wie er war, absolvierte er neben seinem fordernden Beruf als Allgemeinmediziner zus\u00e4tzlich noch eine Imkerlehre bei der Landwirtschaftskammer in Oldenburg, die er mit der Imkermeisterpr\u00fcfung vor der nieders\u00e4chsischen Pr\u00fcfungskommission unter Leitung von Professor Dustmann erfolgreich abschloss. Bienen betreute er sein Leben lang. Auch jetzt bis zu seinem Tode k\u00fcmmerte er sich trotz seines hohen Alters noch um seine vier Bienenv\u00f6lker.&nbsp;<\/p>\n\n\n\n<p>1976 trat er dem Imkerverein Bremen von 1875 bei und war allzeit aktiv. Er \u00fcbernahm viele Aufgaben im Verein. So war er von 1990 bis 1992 Obmann f\u00fcr Honigfragen. Seine Liebe galt aber der Zucht.1986 gr\u00fcndete er die Zuchtgruppe im Verein. Unerm\u00fcdlich sorgte er daf\u00fcr, dass in Bremen nicht nur ertragsstarke sondern vor allem auch friedfertige Bienen gehalten wurden und werden. 2004 \u00fcbernahm er die Leitung der hiesigen Zuchtgruppe, der er bis 2010 vorstand. Viele unserer Mitglieder wurden von Dr. Kempf in der Imkerei ausgebildet. Neben Aus- und Weiterbildung entfaltete er auch eine rege Vortragst\u00e4tigkeit.&nbsp;<\/p>\n\n\n\n<p>Bei all seinen Aktivit\u00e4ten war Dr. Kempf nicht nur auf seinen Verein begrenzt, sondern machte sich weit \u00fcber die Grenzen von Bremen hinaus mit seiner gro\u00dfen Fachkompetenz und seiner engagierten Arbeit einen Namen. Er arbeitete sehr eng mit dem Zuchtobmann des Landesverbandes der Imker Weser-Ems zusammen und war aktives Mitglied in der Z\u00fcchtergruppe des Landesverbandes. F\u00fcr seine Verdienste wurde er 2006 mit der Lehzen-Medaille ausgezeichnet, der h\u00f6chsten Ehrung, die die nieders\u00e4chsischen\u00a0 Landesverb\u00e4nde Weser-Ems und Hannover zu vergeben haben. Nicht nur die bremische Imkerschaft hat mit dem Tode von Dr. Kempf einen ihrer gro\u00dfen Imker verloren. Dr. Kempf und seine Verdienste um die Imkerei werden uns nachhaltig in Erinnerung bleiben.<\/p>\n\n\n\n<figure class=\"wp-block-image size-full\"><img loading=\"lazy\" decoding=\"async\" width=\"2048\" height=\"1360\" src=\"https:\/\/www.bremer-imker.de\/bremer-imkerverein\/wp-content\/uploads\/2022\/01\/IMG_0726.jpg\" alt=\"\" class=\"wp-image-4096\"\/><\/figure>\n\n\n\n<p>August-Wilhelm Schinkel<br>Vorsitzender<br>Imkerverein Bremen von 1975 e. V.<\/p>\n\n\n\n<p>Karl-Friedrich Tiesler<br>Obmann f\u00fcr Zucht im<br>Landesverband der Imker Weser-Ems<\/p>\n","protected":false},"excerpt":{"rendered":"<p>Am 06.01.2022 verstarb unser langj\u00e4hriges Mitglied Dr. med. Gotthard Kempf im Alter von 88 Jahren. Neben der Medizin waren Bienen sein Lebensinhalt. Schon fr\u00fch begann er mit der Imkerei. Wissensdurstig, wie er war, absolvierte er neben seinem fordernden Beruf als Allgemeinmediziner zus\u00e4tzlich noch eine Imkerlehre bei der Landwirtschaftskammer in Oldenburg, die er mit der Imkermeisterpr\u00fcfung &hellip; <\/p>\n<p class=\"link-more\"><a href=\"https:\/\/www.bremer-imker.de\/bremer-imkerverein\/dr-gotthard-kempf-verstorben\/\" class=\"more-link\">Mehr <span class=\"screen-reader-text\">\u00fcber &#8222;Nachruf Dr. Gotthard Kempf verstorben&#8220; <\/span>Lesen<\/a><\/p>\n","protected":false},"author":1,"featured_media":4089,"comment_status":"closed","ping_status":"open","sticky":false,"template":"","format":"standard","meta":{"footnotes":""},"categories":[1],"tags":[],"class_list":["post-4088","post","type-post","status-publish","format-standard","has-post-thumbnail","hentry","category-allgemein"],"_links":{"self":[{"href":"https:\/\/www.bremer-imker.de\/bremer-imkerverein\/wp-json\/wp\/v2\/posts\/4088","targetHints":{"allow":["GET"]}}],"collection":[{"href":"https:\/\/www.bremer-imker.de\/bremer-imkerverein\/wp-json\/wp\/v2\/posts"}],"about":[{"href":"https:\/\/www.bremer-imker.de\/bremer-imkerverein\/wp-json\/wp\/v2\/types\/post"}],"author":[{"embeddable":true,"href":"https:\/\/www.bremer-imker.de\/bremer-imkerverein\/wp-json\/wp\/v2\/users\/1"}],"replies":[{"embeddable":true,"href":"https:\/\/www.bremer-imker.de\/bremer-imkerverein\/wp-json\/wp\/v2\/comments?post=4088"}],"version-history":[{"count":3,"href":"https:\/\/www.bremer-imker.de\/bremer-imkerverein\/wp-json\/wp\/v2\/posts\/4088\/revisions"}],"predecessor-version":[{"id":4098,"href":"https:\/\/www.bremer-imker.de\/bremer-imkerverein\/wp-json\/wp\/v2\/posts\/4088\/revisions\/4098"}],"wp:featuredmedia":[{"embeddable":true,"href":"https:\/\/www.bremer-imker.de\/bremer-imkerverein\/wp-json\/wp\/v2\/media\/4089"}],"wp:attachment":[{"href":"https:\/\/www.bremer-imker.de\/bremer-imkerverein\/wp-json\/wp\/v2\/media?parent=4088"}],"wp:term":[{"taxonomy":"category","embeddable":true,"href":"https:\/\/www.bremer-imker.de\/bremer-imkerverein\/wp-json\/wp\/v2\/categories?post=4088"},{"taxonomy":"post_tag","embeddable":true,"href":"https:\/\/www.bremer-imker.de\/bremer-imkerverein\/wp-json\/wp\/v2\/tags?post=4088"}],"curies":[{"name":"wp","href":"https:\/\/api.w.org\/{rel}","templated":true}]}}