{"id":4139,"date":"2022-04-03T19:38:49","date_gmt":"2022-04-03T17:38:49","guid":{"rendered":"https:\/\/www.bremer-imker.de\/bremer-imkerverein\/?p=4139"},"modified":"2022-04-03T19:38:51","modified_gmt":"2022-04-03T17:38:51","slug":"imker-grundkurs-2022-hat-begonnen","status":"publish","type":"post","link":"https:\/\/www.bremer-imker.de\/bremer-imkerverein\/imker-grundkurs-2022-hat-begonnen\/","title":{"rendered":"Imker Grundkurs 2022 hat begonnen."},"content":{"rendered":"\n<p>Am 02.04.22 hat der Imker Grundkurs bei unerwartet gutem Wetter starten k\u00f6nnen. Um\u00a0 Waben zu ziehen war es noch zu kalt aber ein Blick durch die Folie war gut m\u00f6glich und die TeilnehmerInnen konnten die W\u00e4rme sp\u00fcren.<\/p>\n\n\n\n<p>Der Grundkurs 2022 hat begonnen und es sind auch alle Pl\u00e4tze vergeben. Der n\u00e4chste Kurs wird in einem Jahr beginnen, wer m\u00f6chte kann sich schon jetzt unverbindlich vormerken lassen unter:&nbsp;<a href=\"mailto:kursleitung@bremer-imker.de\" target=\"_blank\" rel=\"noreferrer noopener\">kursleitung@bremer-imker.de<\/a><\/p>\n","protected":false},"excerpt":{"rendered":"<p>Am 02.04.22 hat der Imker Grundkurs bei unerwartet gutem Wetter starten k\u00f6nnen. Um\u00a0 Waben zu ziehen war es noch zu kalt aber ein Blick durch die Folie war gut m\u00f6glich und die TeilnehmerInnen konnten die W\u00e4rme sp\u00fcren. Der Grundkurs 2022 hat begonnen und es sind auch alle Pl\u00e4tze vergeben. Der n\u00e4chste Kurs wird in einem &hellip; <\/p>\n<p class=\"link-more\"><a href=\"https:\/\/www.bremer-imker.de\/bremer-imkerverein\/imker-grundkurs-2022-hat-begonnen\/\" class=\"more-link\">Mehr <span class=\"screen-reader-text\">\u00fcber &#8222;Imker Grundkurs 2022 hat begonnen.&#8220; <\/span>Lesen<\/a><\/p>\n","protected":false},"author":1,"featured_media":4140,"comment_status":"closed","ping_status":"open","sticky":false,"template":"","format":"standard","meta":{"footnotes":""},"categories":[1],"tags":[],"class_list":["post-4139","post","type-post","status-publish","format-standard","has-post-thumbnail","hentry","category-allgemein"],"_links":{"self":[{"href":"https:\/\/www.bremer-imker.de\/bremer-imkerverein\/wp-json\/wp\/v2\/posts\/4139","targetHints":{"allow":["GET"]}}],"collection":[{"href":"https:\/\/www.bremer-imker.de\/bremer-imkerverein\/wp-json\/wp\/v2\/posts"}],"about":[{"href":"https:\/\/www.bremer-imker.de\/bremer-imkerverein\/wp-json\/wp\/v2\/types\/post"}],"author":[{"embeddable":true,"href":"https:\/\/www.bremer-imker.de\/bremer-imkerverein\/wp-json\/wp\/v2\/users\/1"}],"replies":[{"embeddable":true,"href":"https:\/\/www.bremer-imker.de\/bremer-imkerverein\/wp-json\/wp\/v2\/comments?post=4139"}],"version-history":[{"count":1,"href":"https:\/\/www.bremer-imker.de\/bremer-imkerverein\/wp-json\/wp\/v2\/posts\/4139\/revisions"}],"predecessor-version":[{"id":4141,"href":"https:\/\/www.bremer-imker.de\/bremer-imkerverein\/wp-json\/wp\/v2\/posts\/4139\/revisions\/4141"}],"wp:featuredmedia":[{"embeddable":true,"href":"https:\/\/www.bremer-imker.de\/bremer-imkerverein\/wp-json\/wp\/v2\/media\/4140"}],"wp:attachment":[{"href":"https:\/\/www.bremer-imker.de\/bremer-imkerverein\/wp-json\/wp\/v2\/media?parent=4139"}],"wp:term":[{"taxonomy":"category","embeddable":true,"href":"https:\/\/www.bremer-imker.de\/bremer-imkerverein\/wp-json\/wp\/v2\/categories?post=4139"},{"taxonomy":"post_tag","embeddable":true,"href":"https:\/\/www.bremer-imker.de\/bremer-imkerverein\/wp-json\/wp\/v2\/tags?post=4139"}],"curies":[{"name":"wp","href":"https:\/\/api.w.org\/{rel}","templated":true}]}}