{"id":4165,"date":"2022-04-22T08:30:03","date_gmt":"2022-04-22T06:30:03","guid":{"rendered":"https:\/\/www.bremer-imker.de\/bremer-imkerverein\/?p=4165"},"modified":"2022-04-22T08:30:07","modified_gmt":"2022-04-22T06:30:07","slug":"nachruf-fuer-herbert-koch","status":"publish","type":"post","link":"https:\/\/www.bremer-imker.de\/bremer-imkerverein\/nachruf-fuer-herbert-koch\/","title":{"rendered":"Nachruf f\u00fcr Herbert Koch"},"content":{"rendered":"\n<p>Durch einen tragischen Unfall ist unser \u00e4ltestes Mitglied, Herbert Koch, im Alter von 92 Jahren zu Tode<br>gekommen.<br>Schon im Alter von 10 Jahren hatte er ersten Kontakt zu Bienen, Er durfte einem Imker in der<br>Nachbarschaft beim Einfangen von Schw\u00e4rmen mithelfen. Damit war sein Interesse f\u00fcr die Imkerei<br>geweckt. Wie der Zufall es wollte, wurde er im Kriege ins Erzgebirge verschickt und wohnte f\u00fcr zwei<br>Jahre bei einem Imker. Als dieser bemerkte, wie interessiert Herbert an den Bienen war, unterrichtete er<br>ihn t\u00e4glich \u2013 theoretisch wie praktisch. Erst 1946 \u2013 wieder zu Hause \u2013 trat der nun 18-j\u00e4hrige Herbert dem<br>Imkerverein bei. 1947 konnte er einen wertvollen Schwarm einfangen, der dann die Grundlage f\u00fcr seine<br>Imkerei wurde.<br>Parallel zu seiner Imkerei hat er sich sehr stark um die Bienengesundheit und damit verbundenen<br>Krankheiten gek\u00fcmmert. Auch interessierte ihn besonders die Zucht. Neben seinem Beruf hat er sich<br>sehr stark f\u00fcr den Imkerverein eingesetzt und mit Dieter Rudolph dem damaligen Vorsitzenden den<br>jetzigen Lehrbienenstand in Bremen Oberneuland geplant und mit aufgebaut. Mit den guten Kontakten<br>zum Landesverband und seinem Schwerpunkt Bienengesundheit wurde er 1971 ins Pr\u00e4sidium des D.I.B.<br>gew\u00e4hlt, seine Berufung endete 2000.<br>F\u00fcr sein Engagement erhielt er viele Auszeichnungen. 1965 wurde ihm vom Deutschen Imkerbund der<br>Titel \u201eEhrenimkermeister\u201c verliehen, die h\u00f6chste Auszeichnung die der Deutsche Imkerbund zu vergeben<br>hat.<br>Mit 88 Jahren nahm er Abschied von seinen Bienen, blieb dem Verein aber treu. So hat er im Jahr 2018<br>noch einen Vortrag \u00fcber die Imkerei in alter Zeit gehalten \u2013 siehe Bild. Wir werden ihm ein ehrendes<br>Andenken bewahren.<\/p>\n","protected":false},"excerpt":{"rendered":"<p>Durch einen tragischen Unfall ist unser \u00e4ltestes Mitglied, Herbert Koch, im Alter von 92 Jahren zu Todegekommen.Schon im Alter von 10 Jahren hatte er ersten Kontakt zu Bienen, Er durfte einem Imker in derNachbarschaft beim Einfangen von Schw\u00e4rmen mithelfen. Damit war sein Interesse f\u00fcr die Imkereigeweckt. Wie der Zufall es wollte, wurde er im Kriege &hellip; <\/p>\n<p class=\"link-more\"><a href=\"https:\/\/www.bremer-imker.de\/bremer-imkerverein\/nachruf-fuer-herbert-koch\/\" class=\"more-link\">Mehr <span class=\"screen-reader-text\">\u00fcber &#8222;Nachruf f\u00fcr Herbert Koch&#8220; <\/span>Lesen<\/a><\/p>\n","protected":false},"author":1,"featured_media":4166,"comment_status":"closed","ping_status":"open","sticky":false,"template":"","format":"standard","meta":{"footnotes":""},"categories":[1],"tags":[],"class_list":["post-4165","post","type-post","status-publish","format-standard","has-post-thumbnail","hentry","category-allgemein"],"_links":{"self":[{"href":"https:\/\/www.bremer-imker.de\/bremer-imkerverein\/wp-json\/wp\/v2\/posts\/4165","targetHints":{"allow":["GET"]}}],"collection":[{"href":"https:\/\/www.bremer-imker.de\/bremer-imkerverein\/wp-json\/wp\/v2\/posts"}],"about":[{"href":"https:\/\/www.bremer-imker.de\/bremer-imkerverein\/wp-json\/wp\/v2\/types\/post"}],"author":[{"embeddable":true,"href":"https:\/\/www.bremer-imker.de\/bremer-imkerverein\/wp-json\/wp\/v2\/users\/1"}],"replies":[{"embeddable":true,"href":"https:\/\/www.bremer-imker.de\/bremer-imkerverein\/wp-json\/wp\/v2\/comments?post=4165"}],"version-history":[{"count":1,"href":"https:\/\/www.bremer-imker.de\/bremer-imkerverein\/wp-json\/wp\/v2\/posts\/4165\/revisions"}],"predecessor-version":[{"id":4167,"href":"https:\/\/www.bremer-imker.de\/bremer-imkerverein\/wp-json\/wp\/v2\/posts\/4165\/revisions\/4167"}],"wp:featuredmedia":[{"embeddable":true,"href":"https:\/\/www.bremer-imker.de\/bremer-imkerverein\/wp-json\/wp\/v2\/media\/4166"}],"wp:attachment":[{"href":"https:\/\/www.bremer-imker.de\/bremer-imkerverein\/wp-json\/wp\/v2\/media?parent=4165"}],"wp:term":[{"taxonomy":"category","embeddable":true,"href":"https:\/\/www.bremer-imker.de\/bremer-imkerverein\/wp-json\/wp\/v2\/categories?post=4165"},{"taxonomy":"post_tag","embeddable":true,"href":"https:\/\/www.bremer-imker.de\/bremer-imkerverein\/wp-json\/wp\/v2\/tags?post=4165"}],"curies":[{"name":"wp","href":"https:\/\/api.w.org\/{rel}","templated":true}]}}