{"id":4291,"date":"2022-08-29T15:50:13","date_gmt":"2022-08-29T13:50:13","guid":{"rendered":"https:\/\/www.bremer-imker.de\/bremer-imkerverein\/?p=4291"},"modified":"2022-08-29T15:50:16","modified_gmt":"2022-08-29T13:50:16","slug":"vortrag-die-vielfalt-der-bluetenbesucher","status":"publish","type":"post","link":"https:\/\/www.bremer-imker.de\/bremer-imkerverein\/vortrag-die-vielfalt-der-bluetenbesucher\/","title":{"rendered":"Vortrag: \u201eDie Vielfalt der Bl\u00fctenbesucher\u201c"},"content":{"rendered":"\n<p>Dienstag, 6.9., 19:30 Uhr im<br>Hanna-Harder-Haus<br>Der Vortrag &#8222;Die Vielfalt der Bl\u00fctenbesucher&#8220; von<br>J\u00f6rn Hildebrandt wird das gesamte Spektrum an<br>Insekten beleuchten, die im Garten eine Rolle<br>spielen.<br>In der breiten \u00d6ffentlichkeit kommen vielen<br>Insektengruppen wie Dipteren(Zweifl\u00fcgler) oder<br>K\u00e4fer zu kurz, meist stehen nur Wildbienen und<br>Schmetterlinge im Vordergrund. F\u00fcr eine<br>ganzheitliche Betrachtung spielen aber auch weitere<br>Taxa (d.h. Insektengruppen) eine gro\u00dfe Rolle.<br>Der Vortrag wird Vorschl\u00e4ge unterbreiten, wie man<br>dies bei der Gartengestaltung ber\u00fccksichtigen kann.<br>Referent: Dr. J\u00f6rn Hildebrandt, Diplom-Biologe,<br>Fachzeitschriftenredakteur, T\u00e4tigkeit in der Umweltbildung<\/p>\n\n\n\n<p><\/p>\n\n\n\n<div data-wp-interactive=\"core\/file\" class=\"wp-block-file\"><object data-wp-bind--hidden=\"!state.hasPdfPreview\" hidden class=\"wp-block-file__embed\" data=\"https:\/\/www.bremer-imker.de\/bremer-imkerverein\/wp-content\/uploads\/2022\/08\/Imkerabend-mit-Joern-Hildebrandt-September-22_Einladung_final_Korrektur.pdf\" type=\"application\/pdf\" style=\"width:100%;height:600px\" aria-label=\"Einbettung von Einbettung von Imkerabend-mit-Joern-Hildebrandt-September-22_Einladung_final_Korrektur..\"><\/object><a id=\"wp-block-file--media-3661e4e0-c3d5-4322-a6a1-170edfa2ef94\" href=\"https:\/\/www.bremer-imker.de\/bremer-imkerverein\/wp-content\/uploads\/2022\/08\/Imkerabend-mit-Joern-Hildebrandt-September-22_Einladung_final_Korrektur.pdf\">Imkerabend-mit-Joern-Hildebrandt-September-22_Einladung_final_Korrektur<\/a><a href=\"https:\/\/www.bremer-imker.de\/bremer-imkerverein\/wp-content\/uploads\/2022\/08\/Imkerabend-mit-Joern-Hildebrandt-September-22_Einladung_final_Korrektur.pdf\" class=\"wp-block-file__button\" download aria-describedby=\"wp-block-file--media-3661e4e0-c3d5-4322-a6a1-170edfa2ef94\">Herunterladen<\/a><\/div>\n","protected":false},"excerpt":{"rendered":"<p>Dienstag, 6.9., 19:30 Uhr imHanna-Harder-HausDer Vortrag &#8222;Die Vielfalt der Bl\u00fctenbesucher&#8220; vonJ\u00f6rn Hildebrandt wird das gesamte Spektrum anInsekten beleuchten, die im Garten eine Rollespielen.In der breiten \u00d6ffentlichkeit kommen vielenInsektengruppen wie Dipteren(Zweifl\u00fcgler) oderK\u00e4fer zu kurz, meist stehen nur Wildbienen undSchmetterlinge im Vordergrund. F\u00fcr eineganzheitliche Betrachtung spielen aber auch weitereTaxa (d.h. Insektengruppen) eine gro\u00dfe Rolle.Der Vortrag wird Vorschl\u00e4ge &hellip; <\/p>\n<p class=\"link-more\"><a href=\"https:\/\/www.bremer-imker.de\/bremer-imkerverein\/vortrag-die-vielfalt-der-bluetenbesucher\/\" class=\"more-link\">Mehr <span class=\"screen-reader-text\">\u00fcber &#8222;Vortrag: \u201eDie Vielfalt der Bl\u00fctenbesucher\u201c&#8220; <\/span>Lesen<\/a><\/p>\n","protected":false},"author":1,"featured_media":0,"comment_status":"closed","ping_status":"open","sticky":false,"template":"","format":"standard","meta":{"footnotes":""},"categories":[1],"tags":[],"class_list":["post-4291","post","type-post","status-publish","format-standard","hentry","category-allgemein"],"_links":{"self":[{"href":"https:\/\/www.bremer-imker.de\/bremer-imkerverein\/wp-json\/wp\/v2\/posts\/4291","targetHints":{"allow":["GET"]}}],"collection":[{"href":"https:\/\/www.bremer-imker.de\/bremer-imkerverein\/wp-json\/wp\/v2\/posts"}],"about":[{"href":"https:\/\/www.bremer-imker.de\/bremer-imkerverein\/wp-json\/wp\/v2\/types\/post"}],"author":[{"embeddable":true,"href":"https:\/\/www.bremer-imker.de\/bremer-imkerverein\/wp-json\/wp\/v2\/users\/1"}],"replies":[{"embeddable":true,"href":"https:\/\/www.bremer-imker.de\/bremer-imkerverein\/wp-json\/wp\/v2\/comments?post=4291"}],"version-history":[{"count":1,"href":"https:\/\/www.bremer-imker.de\/bremer-imkerverein\/wp-json\/wp\/v2\/posts\/4291\/revisions"}],"predecessor-version":[{"id":4293,"href":"https:\/\/www.bremer-imker.de\/bremer-imkerverein\/wp-json\/wp\/v2\/posts\/4291\/revisions\/4293"}],"wp:attachment":[{"href":"https:\/\/www.bremer-imker.de\/bremer-imkerverein\/wp-json\/wp\/v2\/media?parent=4291"}],"wp:term":[{"taxonomy":"category","embeddable":true,"href":"https:\/\/www.bremer-imker.de\/bremer-imkerverein\/wp-json\/wp\/v2\/categories?post=4291"},{"taxonomy":"post_tag","embeddable":true,"href":"https:\/\/www.bremer-imker.de\/bremer-imkerverein\/wp-json\/wp\/v2\/tags?post=4291"}],"curies":[{"name":"wp","href":"https:\/\/api.w.org\/{rel}","templated":true}]}}