{"id":4308,"date":"2022-10-14T09:17:21","date_gmt":"2022-10-14T07:17:21","guid":{"rendered":"https:\/\/www.bremer-imker.de\/bremer-imkerverein\/?p=4308"},"modified":"2022-10-14T09:17:25","modified_gmt":"2022-10-14T07:17:25","slug":"reinigungstag-am-29-10","status":"publish","type":"post","link":"https:\/\/www.bremer-imker.de\/bremer-imkerverein\/reinigungstag-am-29-10\/","title":{"rendered":"Reinigungstag am 29.10."},"content":{"rendered":"\n<p>Wir bitten darum, sich bei Bedarf f\u00fcr den Reinigungstag bei Horst Wolfrum anzumelden unter:\u00a0<a rel=\"noreferrer noopener\" href=\"mailto:gesundheit@bremer-imker.de\" target=\"_blank\">gesundheit@bremer-imker.de<\/a><\/p>\n\n\n\n<p>Bitte dabei unbedingt die etwaige Anzahl der zu reinigenden R\u00e4hmchen oder Gegenst\u00e4nde angeben.<\/p>\n\n\n\n<p>Sollten noch R\u00e4hmchen in den Dampfwachsschmelzer m\u00fcssen, bitte dies noch gesondert angeben!<br>Den Zeitpunkt f\u00fcr den entsprechenden Arbeitseinsatz wird Horst dann kurzfristig verschicken.<br>Die Anmeldung f\u00fcr den 29.10.22 muss sp\u00e4testens bis zum 24.10. erfolgt sein, damit die Planung gemacht werden kann.<\/p>\n","protected":false},"excerpt":{"rendered":"<p>Wir bitten darum, sich bei Bedarf f\u00fcr den Reinigungstag bei Horst Wolfrum anzumelden unter:\u00a0gesundheit@bremer-imker.de Bitte dabei unbedingt die etwaige Anzahl der zu reinigenden R\u00e4hmchen oder Gegenst\u00e4nde angeben. Sollten noch R\u00e4hmchen in den Dampfwachsschmelzer m\u00fcssen, bitte dies noch gesondert angeben!Den Zeitpunkt f\u00fcr den entsprechenden Arbeitseinsatz wird Horst dann kurzfristig verschicken.Die Anmeldung f\u00fcr den 29.10.22 muss sp\u00e4testens &hellip; <\/p>\n<p class=\"link-more\"><a href=\"https:\/\/www.bremer-imker.de\/bremer-imkerverein\/reinigungstag-am-29-10\/\" class=\"more-link\">Mehr <span class=\"screen-reader-text\">\u00fcber &#8222;Reinigungstag am 29.10.&#8220; <\/span>Lesen<\/a><\/p>\n","protected":false},"author":1,"featured_media":0,"comment_status":"closed","ping_status":"open","sticky":false,"template":"","format":"standard","meta":{"footnotes":""},"categories":[1],"tags":[],"class_list":["post-4308","post","type-post","status-publish","format-standard","hentry","category-allgemein"],"_links":{"self":[{"href":"https:\/\/www.bremer-imker.de\/bremer-imkerverein\/wp-json\/wp\/v2\/posts\/4308","targetHints":{"allow":["GET"]}}],"collection":[{"href":"https:\/\/www.bremer-imker.de\/bremer-imkerverein\/wp-json\/wp\/v2\/posts"}],"about":[{"href":"https:\/\/www.bremer-imker.de\/bremer-imkerverein\/wp-json\/wp\/v2\/types\/post"}],"author":[{"embeddable":true,"href":"https:\/\/www.bremer-imker.de\/bremer-imkerverein\/wp-json\/wp\/v2\/users\/1"}],"replies":[{"embeddable":true,"href":"https:\/\/www.bremer-imker.de\/bremer-imkerverein\/wp-json\/wp\/v2\/comments?post=4308"}],"version-history":[{"count":1,"href":"https:\/\/www.bremer-imker.de\/bremer-imkerverein\/wp-json\/wp\/v2\/posts\/4308\/revisions"}],"predecessor-version":[{"id":4309,"href":"https:\/\/www.bremer-imker.de\/bremer-imkerverein\/wp-json\/wp\/v2\/posts\/4308\/revisions\/4309"}],"wp:attachment":[{"href":"https:\/\/www.bremer-imker.de\/bremer-imkerverein\/wp-json\/wp\/v2\/media?parent=4308"}],"wp:term":[{"taxonomy":"category","embeddable":true,"href":"https:\/\/www.bremer-imker.de\/bremer-imkerverein\/wp-json\/wp\/v2\/categories?post=4308"},{"taxonomy":"post_tag","embeddable":true,"href":"https:\/\/www.bremer-imker.de\/bremer-imkerverein\/wp-json\/wp\/v2\/tags?post=4308"}],"curies":[{"name":"wp","href":"https:\/\/api.w.org\/{rel}","templated":true}]}}