{"id":4318,"date":"2022-11-28T15:37:46","date_gmt":"2022-11-28T14:37:46","guid":{"rendered":"https:\/\/www.bremer-imker.de\/bremer-imkerverein\/?p=4318"},"modified":"2022-11-28T15:37:48","modified_gmt":"2022-11-28T14:37:48","slug":"es-ist-zeit-fuer-die-winterbehandlung-der-voelker","status":"publish","type":"post","link":"https:\/\/www.bremer-imker.de\/bremer-imkerverein\/es-ist-zeit-fuer-die-winterbehandlung-der-voelker\/","title":{"rendered":"Es ist Zeit f\u00fcr die Winterbehandlung der V\u00f6lker."},"content":{"rendered":"\n<p>Es ist Zeit f\u00fcr die Winterbehandlung der V\u00f6lker. Die allermeisten sollten Brutfrei sein.<\/p>\n\n\n\n<p>Am 24.11.22 haben wir die V\u00f6lker vom Verein behandelt.<\/p>\n\n\n\n<p>Auf dem Bild, eine L\u00fcneburger St\u00fclper und ein Kanitzkorb.<\/p>\n\n\n\n<figure class=\"wp-block-image size-full\"><img loading=\"lazy\" decoding=\"async\" width=\"960\" height=\"1280\" src=\"https:\/\/www.bremer-imker.de\/bremer-imkerverein\/wp-content\/uploads\/2022\/11\/photo_2022-11-28-15.36.15.jpeg\" alt=\"\" class=\"wp-image-4319\"\/><\/figure>\n","protected":false},"excerpt":{"rendered":"<p>Es ist Zeit f\u00fcr die Winterbehandlung der V\u00f6lker. Die allermeisten sollten Brutfrei sein. Am 24.11.22 haben wir die V\u00f6lker vom Verein behandelt. Auf dem Bild, eine L\u00fcneburger St\u00fclper und ein Kanitzkorb.<\/p>\n","protected":false},"author":1,"featured_media":0,"comment_status":"closed","ping_status":"open","sticky":false,"template":"","format":"standard","meta":{"footnotes":""},"categories":[1],"tags":[],"class_list":["post-4318","post","type-post","status-publish","format-standard","hentry","category-allgemein"],"_links":{"self":[{"href":"https:\/\/www.bremer-imker.de\/bremer-imkerverein\/wp-json\/wp\/v2\/posts\/4318","targetHints":{"allow":["GET"]}}],"collection":[{"href":"https:\/\/www.bremer-imker.de\/bremer-imkerverein\/wp-json\/wp\/v2\/posts"}],"about":[{"href":"https:\/\/www.bremer-imker.de\/bremer-imkerverein\/wp-json\/wp\/v2\/types\/post"}],"author":[{"embeddable":true,"href":"https:\/\/www.bremer-imker.de\/bremer-imkerverein\/wp-json\/wp\/v2\/users\/1"}],"replies":[{"embeddable":true,"href":"https:\/\/www.bremer-imker.de\/bremer-imkerverein\/wp-json\/wp\/v2\/comments?post=4318"}],"version-history":[{"count":1,"href":"https:\/\/www.bremer-imker.de\/bremer-imkerverein\/wp-json\/wp\/v2\/posts\/4318\/revisions"}],"predecessor-version":[{"id":4320,"href":"https:\/\/www.bremer-imker.de\/bremer-imkerverein\/wp-json\/wp\/v2\/posts\/4318\/revisions\/4320"}],"wp:attachment":[{"href":"https:\/\/www.bremer-imker.de\/bremer-imkerverein\/wp-json\/wp\/v2\/media?parent=4318"}],"wp:term":[{"taxonomy":"category","embeddable":true,"href":"https:\/\/www.bremer-imker.de\/bremer-imkerverein\/wp-json\/wp\/v2\/categories?post=4318"},{"taxonomy":"post_tag","embeddable":true,"href":"https:\/\/www.bremer-imker.de\/bremer-imkerverein\/wp-json\/wp\/v2\/tags?post=4318"}],"curies":[{"name":"wp","href":"https:\/\/api.w.org\/{rel}","templated":true}]}}