{"id":4349,"date":"2023-01-19T08:59:31","date_gmt":"2023-01-19T07:59:31","guid":{"rendered":"https:\/\/www.bremer-imker.de\/bremer-imkerverein\/?p=4349"},"modified":"2023-01-19T08:59:33","modified_gmt":"2023-01-19T07:59:33","slug":"einladung-zum-monatsabend-februar-04-02-2023","status":"publish","type":"post","link":"https:\/\/www.bremer-imker.de\/bremer-imkerverein\/einladung-zum-monatsabend-februar-04-02-2023\/","title":{"rendered":"Einladung zum Monatsabend Februar 04.02.2023"},"content":{"rendered":"\n<p>Abweichend auf einem Samstag, den 04.02.23 um 19 Uhr. Ort: Lebensmittel\u00fcberwachungs-,<br>Tierschutz- und Veterin\u00e4rdienst des Landes Bremen (LMTVET), L\u00f6tzener Str. 3, 28207 Bremen<br>Wie kommt es hierzu?<br>An diesem Tag, tagt die AGT Gruppe Nord an diesem Ort und konnte als Referenen Martin Gabel vom LLH<br>Kirchain gewinnen. Diese Gelegenheit wollten wir uns nicht entgehen lassen und haben angefragt ob am<br>Abend noch ein Vortrag f\u00fcr unsere Mitglieder und G\u00e4ste m\u00f6glich ist. Ja, es ist.<br>Und was ist f\u00fcr uns alle am Wichtigsten? Unsere Bienen Gesund durchs Jahr zu bringen, hierf\u00fcr m\u00fcssen die<br>Milben aus den V\u00f6lkern. Biotechnische Varroabehandlung scheint immer mehr das Mittel der Wahl zu werden.<br>Herr Gabel Beschreibt den Vortrag f\u00fcr unseren Abend so:<br>Die biotechnische Varroabehandlung gewinnt seit vielen Jahren immer mehr an<br>Bedeutung. Mit verschiedenen Methoden, die auf die jeweilige Betriebsweise angepasst<br>werden k\u00f6nnen, lassen sich dabei biologische Grundlagen der Bienen und Milben<br>vielf\u00e4ltig in die praktische Imkerei integrieren. Dies bietet zahlreiche Vorteile f\u00fcr Biene<br>und Mensch &#8211; und wird mit Blick auf immer hei\u00dfere Sommer auch in Zukunft einen<br>wichtigen Baustein der nachhaltigen Imkerei darstellen.<br>Bevor Herr Gabel zu Wort kommt wird unser Gesundheitsobmann Horst Wolrum etwas zur Aktuellen<br>Situation der V\u00f6lker sagen.<br>Ohne Herrn Gabel zu kennen, haben wir bei der Jahrestagung der Z\u00fcchter 2022 in Hofgeismar , mit Herrn Gabel<br>am Tisch gesessen. Erst durch seinen Vortrag wurde wir auf seine Rolle aufmerksam. Das LLH stellt Herrn Gabel<br>wie folgt vor:<br>Martin Gabel spezialisierte sich schon im Biologiestudium auf Wild- und Honigbienen und arbeitet seit 2015 im<br>Lehrgangswesen und Versuchsbetrieb des Bieneninstituts Kirchhain. Sein Fokus liegt dabei auf der biotechnischen<br>Varroakontrolle, Zuchtarbeit, Imkereipraxis und \u00d6kologie von Wildbienen und Wespen. Nach seiner Bachelor- und<br>Masterarbeit zu Methoden der biotechnischen Varroabehandlung bzw. Diversit\u00e4t und Arbeitsteilung in<br>verschiedenen Unterarten der westlichen Honigbiene, promoviert er zu Varroaresistenzmechanismen und ihrer<br>Nutzung in der Zuchtauslese. Eigene Bienen h\u00e4lt er seit der Schulzeit und f\u00fchrt seine derzeit 30 V\u00f6lker im<br>Zanderma\u00df auf ein oder zwei Brutr\u00e4umen. Nach Ende des Projekts SMR-Selektion, das er in den vergangenen<br>drei Jahren betreute, liegt sein Arbeitsschwerpunkt am Bieneninstitut Kirchhain nun im Bereich der Imkerei und<br>Zuchtarbeit, sowie der Betreuung des Projekts Bienenwald Hessen (www.bienenwald-hessen.de).<\/p>\n","protected":false},"excerpt":{"rendered":"<p>Abweichend auf einem Samstag, den 04.02.23 um 19 Uhr. Ort: Lebensmittel\u00fcberwachungs-,Tierschutz- und Veterin\u00e4rdienst des Landes Bremen (LMTVET), L\u00f6tzener Str. 3, 28207 BremenWie kommt es hierzu?An diesem Tag, tagt die AGT Gruppe Nord an diesem Ort und konnte als Referenen Martin Gabel vom LLHKirchain gewinnen. Diese Gelegenheit wollten wir uns nicht entgehen lassen und haben angefragt &hellip; <\/p>\n<p class=\"link-more\"><a href=\"https:\/\/www.bremer-imker.de\/bremer-imkerverein\/einladung-zum-monatsabend-februar-04-02-2023\/\" class=\"more-link\">Mehr <span class=\"screen-reader-text\">\u00fcber &#8222;Einladung zum Monatsabend Februar 04.02.2023&#8220; <\/span>Lesen<\/a><\/p>\n","protected":false},"author":1,"featured_media":0,"comment_status":"closed","ping_status":"open","sticky":false,"template":"","format":"standard","meta":{"footnotes":""},"categories":[1],"tags":[],"class_list":["post-4349","post","type-post","status-publish","format-standard","hentry","category-allgemein"],"_links":{"self":[{"href":"https:\/\/www.bremer-imker.de\/bremer-imkerverein\/wp-json\/wp\/v2\/posts\/4349","targetHints":{"allow":["GET"]}}],"collection":[{"href":"https:\/\/www.bremer-imker.de\/bremer-imkerverein\/wp-json\/wp\/v2\/posts"}],"about":[{"href":"https:\/\/www.bremer-imker.de\/bremer-imkerverein\/wp-json\/wp\/v2\/types\/post"}],"author":[{"embeddable":true,"href":"https:\/\/www.bremer-imker.de\/bremer-imkerverein\/wp-json\/wp\/v2\/users\/1"}],"replies":[{"embeddable":true,"href":"https:\/\/www.bremer-imker.de\/bremer-imkerverein\/wp-json\/wp\/v2\/comments?post=4349"}],"version-history":[{"count":1,"href":"https:\/\/www.bremer-imker.de\/bremer-imkerverein\/wp-json\/wp\/v2\/posts\/4349\/revisions"}],"predecessor-version":[{"id":4350,"href":"https:\/\/www.bremer-imker.de\/bremer-imkerverein\/wp-json\/wp\/v2\/posts\/4349\/revisions\/4350"}],"wp:attachment":[{"href":"https:\/\/www.bremer-imker.de\/bremer-imkerverein\/wp-json\/wp\/v2\/media?parent=4349"}],"wp:term":[{"taxonomy":"category","embeddable":true,"href":"https:\/\/www.bremer-imker.de\/bremer-imkerverein\/wp-json\/wp\/v2\/categories?post=4349"},{"taxonomy":"post_tag","embeddable":true,"href":"https:\/\/www.bremer-imker.de\/bremer-imkerverein\/wp-json\/wp\/v2\/tags?post=4349"}],"curies":[{"name":"wp","href":"https:\/\/api.w.org\/{rel}","templated":true}]}}