{"id":4462,"date":"2023-05-19T07:56:20","date_gmt":"2023-05-19T05:56:20","guid":{"rendered":"https:\/\/www.bremer-imker.de\/bremer-imkerverein\/?p=4462"},"modified":"2023-06-26T00:12:48","modified_gmt":"2023-06-25T22:12:48","slug":"einladung-zum-bremer-imkertag-2023","status":"publish","type":"post","link":"https:\/\/www.bremer-imker.de\/bremer-imkerverein\/einladung-zum-bremer-imkertag-2023\/","title":{"rendered":"Einladung zum Bremer Imkertag 2023"},"content":{"rendered":"\n<figure class=\"wp-block-image size-full\"><img decoding=\"async\" src=\"https:\/\/www.bremer-imker.de\/bremer-imkerverein\/wp-content\/uploads\/2023\/05\/Bremer-Imkertag-2023.jpg\" alt=\"\" class=\"wp-image-4470\"\/><\/figure>\n\n\n\n<p>Am Sonntag, den 18.Juni 2023, findet ab 11 Uhr in der Rockwinkeler Landstra\u00dfe 5 in 28355 Bremer der n\u00e4chste Bremer Imkertag statt. <\/p>\n\n\n\n<p>Neben einigen Fachvotr\u00e4gen werden ebenfalls angeboten:<\/p>\n\n\n\n<ul class=\"wp-block-list\">\n<li>Honigverkauf<\/li>\n\n\n\n<li>Imkerflohmarkt<\/li>\n\n\n\n<li>Pflanzenverkauf<\/li>\n\n\n\n<li>Bienen-Buttons basteln<\/li>\n<\/ul>\n\n\n\n<ul class=\"wp-block-list\">\n<li>Kaffee und Kuchen<\/li>\n\n\n\n<li>Honigbrote, Cr\u00e9pes<\/li>\n\n\n\n<li>Vegetarische Suppe<\/li>\n\n\n\n<li>Ziegenwurst vom Grill<\/li>\n<\/ul>\n\n\n\n<div data-wp-interactive=\"core\/file\" class=\"wp-block-file\"><object data-wp-bind--hidden=\"!state.hasPdfPreview\" hidden class=\"wp-block-file__embed\" data=\"https:\/\/www.bremer-imker.de\/bremer-imkerverein\/wp-content\/uploads\/2023\/05\/2306_Imkertag_web.pdf\" type=\"application\/pdf\" style=\"width:100%;height:600px\" aria-label=\"Einbettung von 2306_Imkertag_web.\"><\/object><a id=\"wp-block-file--media-08c98295-1481-4037-afa2-a2f310b048e5\" href=\"https:\/\/www.bremer-imker.de\/bremer-imkerverein\/wp-content\/uploads\/2023\/05\/2306_Imkertag_web.pdf\">2306_Imkertag_web<\/a><a href=\"https:\/\/www.bremer-imker.de\/bremer-imkerverein\/wp-content\/uploads\/2023\/05\/2306_Imkertag_web.pdf\" class=\"wp-block-file__button wp-element-button\" download aria-describedby=\"wp-block-file--media-08c98295-1481-4037-afa2-a2f310b048e5\">Herunterladen<\/a><\/div>\n","protected":false},"excerpt":{"rendered":"<p>Am Sonntag, den 18.Juni 2023, findet ab 11 Uhr in der Rockwinkeler Landstra\u00dfe 5 in 28355 Bremer der n\u00e4chste Bremer Imkertag statt. Neben einigen Fachvotr\u00e4gen werden ebenfalls angeboten:<\/p>\n","protected":false},"author":1,"featured_media":0,"comment_status":"open","ping_status":"open","sticky":false,"template":"","format":"standard","meta":{"footnotes":""},"categories":[1,7],"tags":[],"class_list":["post-4462","post","type-post","status-publish","format-standard","hentry","category-allgemein","category-termine"],"_links":{"self":[{"href":"https:\/\/www.bremer-imker.de\/bremer-imkerverein\/wp-json\/wp\/v2\/posts\/4462","targetHints":{"allow":["GET"]}}],"collection":[{"href":"https:\/\/www.bremer-imker.de\/bremer-imkerverein\/wp-json\/wp\/v2\/posts"}],"about":[{"href":"https:\/\/www.bremer-imker.de\/bremer-imkerverein\/wp-json\/wp\/v2\/types\/post"}],"author":[{"embeddable":true,"href":"https:\/\/www.bremer-imker.de\/bremer-imkerverein\/wp-json\/wp\/v2\/users\/1"}],"replies":[{"embeddable":true,"href":"https:\/\/www.bremer-imker.de\/bremer-imkerverein\/wp-json\/wp\/v2\/comments?post=4462"}],"version-history":[{"count":5,"href":"https:\/\/www.bremer-imker.de\/bremer-imkerverein\/wp-json\/wp\/v2\/posts\/4462\/revisions"}],"predecessor-version":[{"id":4474,"href":"https:\/\/www.bremer-imker.de\/bremer-imkerverein\/wp-json\/wp\/v2\/posts\/4462\/revisions\/4474"}],"wp:attachment":[{"href":"https:\/\/www.bremer-imker.de\/bremer-imkerverein\/wp-json\/wp\/v2\/media?parent=4462"}],"wp:term":[{"taxonomy":"category","embeddable":true,"href":"https:\/\/www.bremer-imker.de\/bremer-imkerverein\/wp-json\/wp\/v2\/categories?post=4462"},{"taxonomy":"post_tag","embeddable":true,"href":"https:\/\/www.bremer-imker.de\/bremer-imkerverein\/wp-json\/wp\/v2\/tags?post=4462"}],"curies":[{"name":"wp","href":"https:\/\/api.w.org\/{rel}","templated":true}]}}