{"id":4563,"date":"2023-06-05T08:26:45","date_gmt":"2023-06-05T06:26:45","guid":{"rendered":"https:\/\/www.bremer-imker.de\/bremer-imkerverein\/?p=4563"},"modified":"2023-06-05T08:26:48","modified_gmt":"2023-06-05T06:26:48","slug":"einladung-zum-monatsabend-juni-06-06-2023","status":"publish","type":"post","link":"https:\/\/www.bremer-imker.de\/bremer-imkerverein\/einladung-zum-monatsabend-juni-06-06-2023\/","title":{"rendered":"Einladung zum Monatsabend Juni 06.06.2023"},"content":{"rendered":"\n<h2 class=\"wp-block-heading\">Rund um den Honig; Sorten und Qualit\u00e4ten<\/h2>\n\n\n\n<p>Frau Dr. Ghalia Kassem: \u201eHonigsorten entdecken \u2013 ein Honig-Quiz\u201c<\/p>\n\n\n\n<p>Und Herr Dr. Kurt-Peter Raezke: \u201eKriterien f\u00fcr Honigqualit\u00e4ten und Honig als nat\u00fcrlicher Umweltmonitor!\u201c<\/p>\n\n\n\n<p>Zur St\u00e4rkung gibt es vorher ab 19 Uhr Grillwurst.<\/p>\n","protected":false},"excerpt":{"rendered":"<p>Rund um den Honig; Sorten und Qualit\u00e4ten Frau Dr. Ghalia Kassem: \u201eHonigsorten entdecken \u2013 ein Honig-Quiz\u201c Und Herr Dr. Kurt-Peter Raezke: \u201eKriterien f\u00fcr Honigqualit\u00e4ten und Honig als nat\u00fcrlicher Umweltmonitor!\u201c Zur St\u00e4rkung gibt es vorher ab 19 Uhr Grillwurst.<\/p>\n","protected":false},"author":1,"featured_media":0,"comment_status":"open","ping_status":"open","sticky":false,"template":"","format":"standard","meta":{"footnotes":""},"categories":[1,7],"tags":[],"class_list":["post-4563","post","type-post","status-publish","format-standard","hentry","category-allgemein","category-termine"],"_links":{"self":[{"href":"https:\/\/www.bremer-imker.de\/bremer-imkerverein\/wp-json\/wp\/v2\/posts\/4563","targetHints":{"allow":["GET"]}}],"collection":[{"href":"https:\/\/www.bremer-imker.de\/bremer-imkerverein\/wp-json\/wp\/v2\/posts"}],"about":[{"href":"https:\/\/www.bremer-imker.de\/bremer-imkerverein\/wp-json\/wp\/v2\/types\/post"}],"author":[{"embeddable":true,"href":"https:\/\/www.bremer-imker.de\/bremer-imkerverein\/wp-json\/wp\/v2\/users\/1"}],"replies":[{"embeddable":true,"href":"https:\/\/www.bremer-imker.de\/bremer-imkerverein\/wp-json\/wp\/v2\/comments?post=4563"}],"version-history":[{"count":1,"href":"https:\/\/www.bremer-imker.de\/bremer-imkerverein\/wp-json\/wp\/v2\/posts\/4563\/revisions"}],"predecessor-version":[{"id":4564,"href":"https:\/\/www.bremer-imker.de\/bremer-imkerverein\/wp-json\/wp\/v2\/posts\/4563\/revisions\/4564"}],"wp:attachment":[{"href":"https:\/\/www.bremer-imker.de\/bremer-imkerverein\/wp-json\/wp\/v2\/media?parent=4563"}],"wp:term":[{"taxonomy":"category","embeddable":true,"href":"https:\/\/www.bremer-imker.de\/bremer-imkerverein\/wp-json\/wp\/v2\/categories?post=4563"},{"taxonomy":"post_tag","embeddable":true,"href":"https:\/\/www.bremer-imker.de\/bremer-imkerverein\/wp-json\/wp\/v2\/tags?post=4563"}],"curies":[{"name":"wp","href":"https:\/\/api.w.org\/{rel}","templated":true}]}}