{"id":4708,"date":"2023-06-20T07:33:50","date_gmt":"2023-06-20T05:33:50","guid":{"rendered":"https:\/\/www.bremer-imker.de\/bremer-imkerverein\/?p=4708"},"modified":"2023-07-24T06:48:08","modified_gmt":"2023-07-24T04:48:08","slug":"auffrischungskurs-fuer-bienensachverstaendige","status":"publish","type":"post","link":"https:\/\/www.bremer-imker.de\/bremer-imkerverein\/auffrischungskurs-fuer-bienensachverstaendige\/","title":{"rendered":"Auffrischungskurs f\u00fcr Bienensachverst\u00e4ndige"},"content":{"rendered":"\n<p><strong>Der Kurs richtet sich an BSVler zur Auffrischung Ihrer Kenntnisse.<\/strong><br><br><strong>Ort:<\/strong> Lehrbienenstand des Imkervereins, auf dem L\u00fchr Kropp Hof Rockwinkeler Landstra\u00dfe 5<br><br><strong>Zeit: 03.09.2023 10:00 \u2013 ca. 16:00 Uhr<\/strong><br><br><strong>Durchf\u00fchrung:<\/strong><br>Guido Eich &#8211; freier Bienenzuchtberater<\/p>\n\n\n\n<p><br><strong>Kursgeb\u00fchr: 25\u20ac<\/strong><br>F\u00fcr Vereinsmitglieder, welche die Grundschulung besucht haben Tr\u00e4gt der Verein die Kosten.<br>Kaffee, Tee und Wasser werden gestellt.<br>Wir werden gemeinsam Grillen. (Kosten in der Kursgeb\u00fchr nicht enthalten)<br><br><strong>Ablauf:<\/strong><\/p>\n\n\n\n<ul class=\"wp-block-list\">\n<li><strong>10:00 \u2013 13:00 Uhr Theorie<\/strong><\/li>\n\n\n\n<li><strong>13:00 \u2013 14:00 Uhr Mittagspause<\/strong><\/li>\n\n\n\n<li><strong>14:00 &#8211; ca. 16:00 Uhr Praktisches<\/strong><br><br><\/li>\n<\/ul>\n\n\n\n<p>Die Veranstaltung lebt davon, sich m\u00f6glich Schadbilder anzusehen \u2013 je mehr je besser. Daher bitte wir darum auff\u00e4lliges und Gem\u00fcll (Bodeneinlagen) mitzubringen.Manches eventuell durch einfrieren Konserviert<\/p>\n\n\n\n<p><strong>Anmeldung unter:<\/strong> kursleitung@bremer-imker.de<\/p>\n\n\n\n<p><strong>Mindestteilnehmerzahl:<\/strong> 20 Personen, max. 30 Personen<\/p>\n\n\n\n<p>Die Kurspl\u00e4tze werden in der Reihenfolge des Eingangs der Anmeldung vergeben. Die<br>Anmeldung wird erst nach \u00dcberweisung der Kursgeb\u00fchr verbindlich. Die Konto Nummer<br>wird nach Anmeldung zugeschickt.<br>Bei Absage der Teilnahme bis 14 Tage vor dem Kurstag wird die bezahlte Kursgeb\u00fchr voll erstattet,<br>danach nur dann, wenn sich ein\/e Ersatzteilnehmer\/in findet.<\/p>\n","protected":false},"excerpt":{"rendered":"<p>Der Kurs richtet sich an BSVler zur Auffrischung Ihrer Kenntnisse. Ort: Lehrbienenstand des Imkervereins, auf dem L\u00fchr Kropp Hof Rockwinkeler Landstra\u00dfe 5 Zeit: 03.09.2023 10:00 \u2013 ca. 16:00 Uhr Durchf\u00fchrung:Guido Eich &#8211; freier Bienenzuchtberater Kursgeb\u00fchr: 25\u20acF\u00fcr Vereinsmitglieder, welche die Grundschulung besucht haben Tr\u00e4gt der Verein die Kosten.Kaffee, Tee und Wasser werden gestellt.Wir werden gemeinsam Grillen. &hellip; <\/p>\n<p class=\"link-more\"><a href=\"https:\/\/www.bremer-imker.de\/bremer-imkerverein\/auffrischungskurs-fuer-bienensachverstaendige\/\" class=\"more-link\">Mehr <span class=\"screen-reader-text\">\u00fcber &#8222;Auffrischungskurs f\u00fcr Bienensachverst\u00e4ndige&#8220; <\/span>Lesen<\/a><\/p>\n","protected":false},"author":1,"featured_media":0,"comment_status":"open","ping_status":"open","sticky":false,"template":"","format":"standard","meta":{"footnotes":""},"categories":[1],"tags":[],"class_list":["post-4708","post","type-post","status-publish","format-standard","hentry","category-allgemein"],"_links":{"self":[{"href":"https:\/\/www.bremer-imker.de\/bremer-imkerverein\/wp-json\/wp\/v2\/posts\/4708","targetHints":{"allow":["GET"]}}],"collection":[{"href":"https:\/\/www.bremer-imker.de\/bremer-imkerverein\/wp-json\/wp\/v2\/posts"}],"about":[{"href":"https:\/\/www.bremer-imker.de\/bremer-imkerverein\/wp-json\/wp\/v2\/types\/post"}],"author":[{"embeddable":true,"href":"https:\/\/www.bremer-imker.de\/bremer-imkerverein\/wp-json\/wp\/v2\/users\/1"}],"replies":[{"embeddable":true,"href":"https:\/\/www.bremer-imker.de\/bremer-imkerverein\/wp-json\/wp\/v2\/comments?post=4708"}],"version-history":[{"count":3,"href":"https:\/\/www.bremer-imker.de\/bremer-imkerverein\/wp-json\/wp\/v2\/posts\/4708\/revisions"}],"predecessor-version":[{"id":4889,"href":"https:\/\/www.bremer-imker.de\/bremer-imkerverein\/wp-json\/wp\/v2\/posts\/4708\/revisions\/4889"}],"wp:attachment":[{"href":"https:\/\/www.bremer-imker.de\/bremer-imkerverein\/wp-json\/wp\/v2\/media?parent=4708"}],"wp:term":[{"taxonomy":"category","embeddable":true,"href":"https:\/\/www.bremer-imker.de\/bremer-imkerverein\/wp-json\/wp\/v2\/categories?post=4708"},{"taxonomy":"post_tag","embeddable":true,"href":"https:\/\/www.bremer-imker.de\/bremer-imkerverein\/wp-json\/wp\/v2\/tags?post=4708"}],"curies":[{"name":"wp","href":"https:\/\/api.w.org\/{rel}","templated":true}]}}