{"id":4717,"date":"2023-06-20T07:43:43","date_gmt":"2023-06-20T05:43:43","guid":{"rendered":"https:\/\/www.bremer-imker.de\/bremer-imkerverein\/?p=4717"},"modified":"2023-06-20T07:43:45","modified_gmt":"2023-06-20T05:43:45","slug":"tagesseminar-totale-brutentnahme-zur-varroa-bekaempfung","status":"publish","type":"post","link":"https:\/\/www.bremer-imker.de\/bremer-imkerverein\/tagesseminar-totale-brutentnahme-zur-varroa-bekaempfung\/","title":{"rendered":"Tagesseminar \u201eTotale Brutentnahme\u201c zur Varroa Bek\u00e4mpfung"},"content":{"rendered":"\n<p><strong>Milben arm in den Winter<\/strong><br><br><strong>Ort:<\/strong> Lehrbienenstand des Imkervereins, auf dem L\u00fchr Kropp Hof Rockwinkeler Landstra\u00dfe 5<br><br><strong>Zeit:<\/strong> 02.07.2023 10:00 \u2013 ca. 17:00 Uhr<br><br><strong>Durchf\u00fchrung:<\/strong><br>Guido Eich Bienenzuchtberater<br><br><strong>Kursgeb\u00fchr:<\/strong> <br>35\u20ac, f\u00fcr Mitglieder 30\u20ac<br><br>Kaffee, Tee und Wasser werden gestellt.<br>Wir werden gemeinsam Grillen. (Kosten in der Kursgeb\u00fchr nicht enthalten)<br>Mindestteilnehmerzahl: 18 Personen, max. 25 Personen<br><br><strong>Kursinhalt:<\/strong><\/p>\n\n\n\n<ul class=\"wp-block-list\">\n<li>10:00 \u2013 12:30 Uhr Theorie , zwischen durch eine Kaffeepause<\/li>\n\n\n\n<li>12:30 \u2013 13:30 Uhr Mittagspause<\/li>\n\n\n\n<li>ab 13:30 Praktische Vorstellung von der Totalen Brutentnahme<br>Ende nicht nach 16 Uhr<br><\/li>\n<\/ul>\n\n\n\n<p><strong>Anmeldung unter: <\/strong>kursleitung@bremer-imker.de<br>Die Kurspl\u00e4tze werden in der Reihenfolge des Eingangs der Anmeldung vergeben. Die<br>Anmeldung wird erst nach \u00dcberweisung der Kursgeb\u00fchr verbindlich. Die Konto Nummer<br>wird nach Anmeldung zugeschickt.<br>Bei Absage der Teilnahme bis 14 Tage vor dem Kurstag wird die bezahlte Kursgeb\u00fchr voll erstattet,<br>danach nur dann, wenn sich ein\/e Ersatzteilnehmer\/in findet.<\/p>\n","protected":false},"excerpt":{"rendered":"<p>Milben arm in den Winter Ort: Lehrbienenstand des Imkervereins, auf dem L\u00fchr Kropp Hof Rockwinkeler Landstra\u00dfe 5 Zeit: 02.07.2023 10:00 \u2013 ca. 17:00 Uhr Durchf\u00fchrung:Guido Eich Bienenzuchtberater Kursgeb\u00fchr: 35\u20ac, f\u00fcr Mitglieder 30\u20ac Kaffee, Tee und Wasser werden gestellt.Wir werden gemeinsam Grillen. (Kosten in der Kursgeb\u00fchr nicht enthalten)Mindestteilnehmerzahl: 18 Personen, max. 25 Personen Kursinhalt: Anmeldung unter: &hellip; <\/p>\n<p class=\"link-more\"><a href=\"https:\/\/www.bremer-imker.de\/bremer-imkerverein\/tagesseminar-totale-brutentnahme-zur-varroa-bekaempfung\/\" class=\"more-link\">Mehr <span class=\"screen-reader-text\">\u00fcber &#8222;Tagesseminar \u201eTotale Brutentnahme\u201c zur Varroa Bek\u00e4mpfung&#8220; <\/span>Lesen<\/a><\/p>\n","protected":false},"author":1,"featured_media":0,"comment_status":"open","ping_status":"open","sticky":false,"template":"","format":"standard","meta":{"footnotes":""},"categories":[1],"tags":[],"class_list":["post-4717","post","type-post","status-publish","format-standard","hentry","category-allgemein"],"_links":{"self":[{"href":"https:\/\/www.bremer-imker.de\/bremer-imkerverein\/wp-json\/wp\/v2\/posts\/4717","targetHints":{"allow":["GET"]}}],"collection":[{"href":"https:\/\/www.bremer-imker.de\/bremer-imkerverein\/wp-json\/wp\/v2\/posts"}],"about":[{"href":"https:\/\/www.bremer-imker.de\/bremer-imkerverein\/wp-json\/wp\/v2\/types\/post"}],"author":[{"embeddable":true,"href":"https:\/\/www.bremer-imker.de\/bremer-imkerverein\/wp-json\/wp\/v2\/users\/1"}],"replies":[{"embeddable":true,"href":"https:\/\/www.bremer-imker.de\/bremer-imkerverein\/wp-json\/wp\/v2\/comments?post=4717"}],"version-history":[{"count":1,"href":"https:\/\/www.bremer-imker.de\/bremer-imkerverein\/wp-json\/wp\/v2\/posts\/4717\/revisions"}],"predecessor-version":[{"id":4718,"href":"https:\/\/www.bremer-imker.de\/bremer-imkerverein\/wp-json\/wp\/v2\/posts\/4717\/revisions\/4718"}],"wp:attachment":[{"href":"https:\/\/www.bremer-imker.de\/bremer-imkerverein\/wp-json\/wp\/v2\/media?parent=4717"}],"wp:term":[{"taxonomy":"category","embeddable":true,"href":"https:\/\/www.bremer-imker.de\/bremer-imkerverein\/wp-json\/wp\/v2\/categories?post=4717"},{"taxonomy":"post_tag","embeddable":true,"href":"https:\/\/www.bremer-imker.de\/bremer-imkerverein\/wp-json\/wp\/v2\/tags?post=4717"}],"curies":[{"name":"wp","href":"https:\/\/api.w.org\/{rel}","templated":true}]}}