{"id":4837,"date":"2023-07-09T14:14:46","date_gmt":"2023-07-09T12:14:46","guid":{"rendered":"https:\/\/www.bremer-imker.de\/bremer-imkerverein\/?p=4837"},"modified":"2023-07-09T14:14:49","modified_gmt":"2023-07-09T12:14:49","slug":"honig-verkauf","status":"publish","type":"post","link":"https:\/\/www.bremer-imker.de\/bremer-imkerverein\/honig-verkauf\/","title":{"rendered":"Honig Verkauf"},"content":{"rendered":"\n<p>Die Fr\u00fchtracht in diesem Jahr ist auch auf dem Lehrbienenstand gut<br>ausgefallen, mittlerweile ist diese Abgef\u00fcllt und wir sind mit dem<br>Etikettieren angefangen. Donnerstags von 15 bis 18 Uhr kann dieser<br>Fl\u00fcssig und Cremig erworben werden. Aktuell haben wir auch Rapshonig im<br>Angebot, allerdings nicht von den Vereinsv\u00f6lkern.<\/p>\n\n\n\n<p><\/p>\n\n\n\n<figure class=\"wp-block-image size-full\"><img decoding=\"async\" src=\"https:\/\/www.bremer-imker.de\/bremer-imkerverein\/wp-content\/uploads\/2023\/07\/Honig-Etikettieren.jpg\" alt=\"\" class=\"wp-image-4815\"\/><\/figure>\n","protected":false},"excerpt":{"rendered":"<p>Die Fr\u00fchtracht in diesem Jahr ist auch auf dem Lehrbienenstand gutausgefallen, mittlerweile ist diese Abgef\u00fcllt und wir sind mit demEtikettieren angefangen. Donnerstags von 15 bis 18 Uhr kann dieserFl\u00fcssig und Cremig erworben werden. Aktuell haben wir auch Rapshonig imAngebot, allerdings nicht von den Vereinsv\u00f6lkern.<\/p>\n","protected":false},"author":1,"featured_media":0,"comment_status":"open","ping_status":"open","sticky":false,"template":"","format":"standard","meta":{"footnotes":""},"categories":[1],"tags":[],"class_list":["post-4837","post","type-post","status-publish","format-standard","hentry","category-allgemein"],"_links":{"self":[{"href":"https:\/\/www.bremer-imker.de\/bremer-imkerverein\/wp-json\/wp\/v2\/posts\/4837","targetHints":{"allow":["GET"]}}],"collection":[{"href":"https:\/\/www.bremer-imker.de\/bremer-imkerverein\/wp-json\/wp\/v2\/posts"}],"about":[{"href":"https:\/\/www.bremer-imker.de\/bremer-imkerverein\/wp-json\/wp\/v2\/types\/post"}],"author":[{"embeddable":true,"href":"https:\/\/www.bremer-imker.de\/bremer-imkerverein\/wp-json\/wp\/v2\/users\/1"}],"replies":[{"embeddable":true,"href":"https:\/\/www.bremer-imker.de\/bremer-imkerverein\/wp-json\/wp\/v2\/comments?post=4837"}],"version-history":[{"count":1,"href":"https:\/\/www.bremer-imker.de\/bremer-imkerverein\/wp-json\/wp\/v2\/posts\/4837\/revisions"}],"predecessor-version":[{"id":4838,"href":"https:\/\/www.bremer-imker.de\/bremer-imkerverein\/wp-json\/wp\/v2\/posts\/4837\/revisions\/4838"}],"wp:attachment":[{"href":"https:\/\/www.bremer-imker.de\/bremer-imkerverein\/wp-json\/wp\/v2\/media?parent=4837"}],"wp:term":[{"taxonomy":"category","embeddable":true,"href":"https:\/\/www.bremer-imker.de\/bremer-imkerverein\/wp-json\/wp\/v2\/categories?post=4837"},{"taxonomy":"post_tag","embeddable":true,"href":"https:\/\/www.bremer-imker.de\/bremer-imkerverein\/wp-json\/wp\/v2\/tags?post=4837"}],"curies":[{"name":"wp","href":"https:\/\/api.w.org\/{rel}","templated":true}]}}