{"id":4904,"date":"2023-08-11T06:29:55","date_gmt":"2023-08-11T04:29:55","guid":{"rendered":"https:\/\/www.bremer-imker.de\/bremer-imkerverein\/?p=4904"},"modified":"2023-08-11T06:29:58","modified_gmt":"2023-08-11T04:29:58","slug":"totale-brut-entnahme-auf-unserem-lehrbienenstand","status":"publish","type":"post","link":"https:\/\/www.bremer-imker.de\/bremer-imkerverein\/totale-brut-entnahme-auf-unserem-lehrbienenstand\/","title":{"rendered":"Totale Brut Entnahme auf unserem Lehrbienenstand"},"content":{"rendered":"\n<p>Am 27. Juli haben wir bei bei den letzten V\u00f6lkern (au\u00dfer&nbsp; bei der TBH) die TBE gemacht, um die Zahl der V\u00f6lker nicht weiter zu erh\u00f6hen haben wir bei zwei V\u00f6lkern die eigene Brut und die der anderen V\u00f6lker \u00fcber das Absperrgitter gesetzt und im Brutraum auch nur 4 Ausgebaute Waben ohne Brut belassen. Nach drei Wochen werden alle Waben entnommen und es erfolgt eine Behandlung.<\/p>\n\n\n\n<p>Die V\u00f6lker wurden am 03.08.23 mit Oxsals\u00e4ure im Spr\u00fchverfahren behandelt.<\/p>\n\n\n\n<p>Die Brutscheunen&nbsp; wurden mit Ameisens\u00e4ure Behandelt um zu vermeiden das Milben verteilt werden.<\/p>\n\n\n\n<p>Am 03.08.23 wurde auch bei der Top Bar Hive, die Brut raus geschnitten, der Zeitpunkt war gut, die K\u00f6nigin machte gerade eine Pause und es gab nur wenige verdeckelte Brut auszuschneiden. Am 10.08. gibt es dann auch eine Behandlung im Spr\u00fchverfahren.<\/p>\n\n\n\n<p>Die getroffenen Ma\u00dfnahmen sollten erst einmal f\u00fcr eine gute Reduktion der Milben gesorgt haben.<\/p>\n\n\n\n<figure class=\"wp-block-gallery has-nested-images columns-default is-cropped wp-block-gallery-1 is-layout-flex wp-block-gallery-is-layout-flex\">\n<figure class=\"wp-block-image size-large\"><img decoding=\"async\" data-id=\"4908\" src=\"https:\/\/www.bremer-imker.de\/bremer-imkerverein\/wp-content\/uploads\/2023\/08\/2023_TBE_3-768x1024.jpg\" alt=\"\" class=\"wp-image-4908\"\/><\/figure>\n\n\n\n<figure class=\"wp-block-image size-large\"><img decoding=\"async\" data-id=\"4907\" src=\"https:\/\/www.bremer-imker.de\/bremer-imkerverein\/wp-content\/uploads\/2023\/08\/2023_TBE_2-768x1024.jpg\" alt=\"\" class=\"wp-image-4907\"\/><\/figure>\n\n\n\n<figure class=\"wp-block-image size-large\"><img decoding=\"async\" data-id=\"4906\" src=\"https:\/\/www.bremer-imker.de\/bremer-imkerverein\/wp-content\/uploads\/2023\/08\/2023_TBE_1-768x1024.jpg\" alt=\"\" class=\"wp-image-4906\"\/><\/figure>\n\n\n\n<figure class=\"wp-block-image size-large\"><img decoding=\"async\" data-id=\"4905\" src=\"https:\/\/www.bremer-imker.de\/bremer-imkerverein\/wp-content\/uploads\/2023\/08\/2023_TBE_4-768x1024.jpg\" alt=\"\" class=\"wp-image-4905\"\/><\/figure>\n<\/figure>\n","protected":false},"excerpt":{"rendered":"<p>Am 27. Juli haben wir bei bei den letzten V\u00f6lkern (au\u00dfer&nbsp; bei der TBH) die TBE gemacht, um die Zahl der V\u00f6lker nicht weiter zu erh\u00f6hen haben wir bei zwei V\u00f6lkern die eigene Brut und die der anderen V\u00f6lker \u00fcber das Absperrgitter gesetzt und im Brutraum auch nur 4 Ausgebaute Waben ohne Brut belassen. Nach &hellip; <\/p>\n<p class=\"link-more\"><a href=\"https:\/\/www.bremer-imker.de\/bremer-imkerverein\/totale-brut-entnahme-auf-unserem-lehrbienenstand\/\" class=\"more-link\">Mehr <span class=\"screen-reader-text\">\u00fcber &#8222;Totale Brut Entnahme auf unserem Lehrbienenstand&#8220; <\/span>Lesen<\/a><\/p>\n","protected":false},"author":1,"featured_media":0,"comment_status":"open","ping_status":"open","sticky":false,"template":"","format":"standard","meta":{"footnotes":""},"categories":[1],"tags":[],"class_list":["post-4904","post","type-post","status-publish","format-standard","hentry","category-allgemein"],"_links":{"self":[{"href":"https:\/\/www.bremer-imker.de\/bremer-imkerverein\/wp-json\/wp\/v2\/posts\/4904","targetHints":{"allow":["GET"]}}],"collection":[{"href":"https:\/\/www.bremer-imker.de\/bremer-imkerverein\/wp-json\/wp\/v2\/posts"}],"about":[{"href":"https:\/\/www.bremer-imker.de\/bremer-imkerverein\/wp-json\/wp\/v2\/types\/post"}],"author":[{"embeddable":true,"href":"https:\/\/www.bremer-imker.de\/bremer-imkerverein\/wp-json\/wp\/v2\/users\/1"}],"replies":[{"embeddable":true,"href":"https:\/\/www.bremer-imker.de\/bremer-imkerverein\/wp-json\/wp\/v2\/comments?post=4904"}],"version-history":[{"count":1,"href":"https:\/\/www.bremer-imker.de\/bremer-imkerverein\/wp-json\/wp\/v2\/posts\/4904\/revisions"}],"predecessor-version":[{"id":4909,"href":"https:\/\/www.bremer-imker.de\/bremer-imkerverein\/wp-json\/wp\/v2\/posts\/4904\/revisions\/4909"}],"wp:attachment":[{"href":"https:\/\/www.bremer-imker.de\/bremer-imkerverein\/wp-json\/wp\/v2\/media?parent=4904"}],"wp:term":[{"taxonomy":"category","embeddable":true,"href":"https:\/\/www.bremer-imker.de\/bremer-imkerverein\/wp-json\/wp\/v2\/categories?post=4904"},{"taxonomy":"post_tag","embeddable":true,"href":"https:\/\/www.bremer-imker.de\/bremer-imkerverein\/wp-json\/wp\/v2\/tags?post=4904"}],"curies":[{"name":"wp","href":"https:\/\/api.w.org\/{rel}","templated":true}]}}