{"id":4915,"date":"2023-09-04T08:18:53","date_gmt":"2023-09-04T06:18:53","guid":{"rendered":"https:\/\/www.bremer-imker.de\/bremer-imkerverein\/?p=4915"},"modified":"2023-09-04T08:18:56","modified_gmt":"2023-09-04T06:18:56","slug":"pflanzendiversitaet","status":"publish","type":"post","link":"https:\/\/www.bremer-imker.de\/bremer-imkerverein\/pflanzendiversitaet\/","title":{"rendered":"\u00a0\u201ePflanzendiversit\u00e4t\u201c"},"content":{"rendered":"\n<p>Zum Monatsabend am 05. September 2023 kommt Sara Leonhardt,<br>Professorin an der technischen Universit\u00e4t M\u00fcnchen. Sie<br>h\u00e4lt einen Vortrag mit dem Titel:<br>&#8222;Pflanzendiversit\u00e4t f\u00fcr die Gesundheit: Warum Honig-<br>und Wildbienen mehr brauchen als unsere Landschaften<br>hergeben &#8211; Was Naturschutz, Landwirte und Imker daf\u00fcr<br>tun k\u00f6nnen\u201c.<br>Beginn wie um 19:30 Uhr im Hanna-Harder Haus<br>Professorin Leonhardt ist den Besuchern des Deutschen Imkertages 2023 in Hamburg noch gut in Erinnerung.<\/p>\n","protected":false},"excerpt":{"rendered":"<p>Zum Monatsabend am 05. September 2023 kommt Sara Leonhardt,Professorin an der technischen Universit\u00e4t M\u00fcnchen. Sieh\u00e4lt einen Vortrag mit dem Titel:&#8222;Pflanzendiversit\u00e4t f\u00fcr die Gesundheit: Warum Honig-und Wildbienen mehr brauchen als unsere Landschaftenhergeben &#8211; Was Naturschutz, Landwirte und Imker daf\u00fcrtun k\u00f6nnen\u201c.Beginn wie um 19:30 Uhr im Hanna-Harder HausProfessorin Leonhardt ist den Besuchern des Deutschen Imkertages 2023 in &hellip; <\/p>\n<p class=\"link-more\"><a href=\"https:\/\/www.bremer-imker.de\/bremer-imkerverein\/pflanzendiversitaet\/\" class=\"more-link\">Mehr <span class=\"screen-reader-text\">\u00fcber &#8220;\u00a0\u201ePflanzendiversit\u00e4t\u201c&#8220; <\/span>Lesen<\/a><\/p>\n","protected":false},"author":2,"featured_media":0,"comment_status":"open","ping_status":"open","sticky":false,"template":"","format":"standard","meta":{"footnotes":""},"categories":[1],"tags":[],"class_list":["post-4915","post","type-post","status-publish","format-standard","hentry","category-allgemein"],"_links":{"self":[{"href":"https:\/\/www.bremer-imker.de\/bremer-imkerverein\/wp-json\/wp\/v2\/posts\/4915","targetHints":{"allow":["GET"]}}],"collection":[{"href":"https:\/\/www.bremer-imker.de\/bremer-imkerverein\/wp-json\/wp\/v2\/posts"}],"about":[{"href":"https:\/\/www.bremer-imker.de\/bremer-imkerverein\/wp-json\/wp\/v2\/types\/post"}],"author":[{"embeddable":true,"href":"https:\/\/www.bremer-imker.de\/bremer-imkerverein\/wp-json\/wp\/v2\/users\/2"}],"replies":[{"embeddable":true,"href":"https:\/\/www.bremer-imker.de\/bremer-imkerverein\/wp-json\/wp\/v2\/comments?post=4915"}],"version-history":[{"count":1,"href":"https:\/\/www.bremer-imker.de\/bremer-imkerverein\/wp-json\/wp\/v2\/posts\/4915\/revisions"}],"predecessor-version":[{"id":4916,"href":"https:\/\/www.bremer-imker.de\/bremer-imkerverein\/wp-json\/wp\/v2\/posts\/4915\/revisions\/4916"}],"wp:attachment":[{"href":"https:\/\/www.bremer-imker.de\/bremer-imkerverein\/wp-json\/wp\/v2\/media?parent=4915"}],"wp:term":[{"taxonomy":"category","embeddable":true,"href":"https:\/\/www.bremer-imker.de\/bremer-imkerverein\/wp-json\/wp\/v2\/categories?post=4915"},{"taxonomy":"post_tag","embeddable":true,"href":"https:\/\/www.bremer-imker.de\/bremer-imkerverein\/wp-json\/wp\/v2\/tags?post=4915"}],"curies":[{"name":"wp","href":"https:\/\/api.w.org\/{rel}","templated":true}]}}