{"id":4923,"date":"2023-09-15T10:26:02","date_gmt":"2023-09-15T08:26:02","guid":{"rendered":"https:\/\/www.bremer-imker.de\/bremer-imkerverein\/?p=4923"},"modified":"2023-09-15T10:26:05","modified_gmt":"2023-09-15T08:26:05","slug":"rueckblick-auf-den-auffrischungskurs-fuer-bienensachverstaendige-am-03-september-2023","status":"publish","type":"post","link":"https:\/\/www.bremer-imker.de\/bremer-imkerverein\/rueckblick-auf-den-auffrischungskurs-fuer-bienensachverstaendige-am-03-september-2023\/","title":{"rendered":"R\u00fcckblick auf den Auffrischungskurs f\u00fcr Bienensachverst\u00e4ndige am 03. September 2023"},"content":{"rendered":"\n<p>Zun\u00e4chst gab es&nbsp; einen l\u00e4ngeren, kurzweiligen Vortag, von Guido Eich \u00fcber den Umgang mit AFB und den betroffenen Imkern. Im Fall eines Seuchenausbruchs werden nicht nur die Bienen und das Material einer ziemlichen Rosskur unterzogen, auch der Imker oder die Imkerin muss einiges aushalten und ist oft nicht in der Lage mit zu helfen. Zu gro\u00df ist der Schmerz mit anzusehen was alles n\u00f6tig ist, wieder frei von AFB zu werden. Hier gilt es auch einen klaren aber mitf\u00fchlenden Weg zu gehen und dem betroffenen Imker \/ Imkerin einen weg nach vorne zu zeigen und ihn hierbei zu unterst\u00fctzen.<\/p>\n\n\n\n<p>Neben der AFB, gab es noch den einen oder anderen Blick in Auff\u00e4llige V\u00f6lker.<\/p>\n\n\n\n<p>Zum Abschluss wurden noch zwei bereit gestellte V\u00f6lker genauer in Augenschein genommen, eines mit&nbsp;&nbsp;Chronische Bienenparalyse Virus&nbsp;(CBPV). Und eines was immer mehr am schrumpfen war.<\/p>\n\n\n\n<p>F\u00fcr beide V\u00f6lker hatte sich die Jeweiligen Imker eine Abt\u00f6tung \/ Aufl\u00f6sung vorstellen k\u00f6nnen.<\/p>\n\n\n\n<p>Die CBPV, war am Abklingen und das Volk kann es durch den Winter schaffen. Kleines Flugloch und F\u00fcttern war die Empfehlung.<\/p>\n\n\n\n<p>Das zweite Volk, eine ehemalig Brutscheune welche immer kleiner wurde, zeigte offene Brutzellen mit Maden ca 3 Tage vor dem Schlupf. Hier gab es keine Rettung mehr, das Volk wurde aufgel\u00f6st und die Brut entsorgt.<\/p>\n\n\n\n<figure class=\"wp-block-gallery has-nested-images columns-default is-cropped wp-block-gallery-1 is-layout-flex wp-block-gallery-is-layout-flex\">\n<figure class=\"wp-block-image size-large\"><img decoding=\"async\" data-id=\"4926\" src=\"https:\/\/www.bremer-imker.de\/bremer-imkerverein\/wp-content\/uploads\/2023\/09\/photo_2023-09-15-10.25.36-768x1024.jpeg\" alt=\"\" class=\"wp-image-4926\"\/><\/figure>\n\n\n\n<figure class=\"wp-block-image size-large\"><img decoding=\"async\" data-id=\"4925\" src=\"https:\/\/www.bremer-imker.de\/bremer-imkerverein\/wp-content\/uploads\/2023\/09\/photo_2023-09-15-10.25.37-768x1024.jpeg\" alt=\"\" class=\"wp-image-4925\"\/><\/figure>\n\n\n\n<figure class=\"wp-block-image size-large\"><img decoding=\"async\" data-id=\"4924\" src=\"https:\/\/www.bremer-imker.de\/bremer-imkerverein\/wp-content\/uploads\/2023\/09\/photo_2023-09-15-10.25.38-768x1024.jpeg\" alt=\"\" class=\"wp-image-4924\"\/><\/figure>\n<\/figure>\n","protected":false},"excerpt":{"rendered":"<p>Zun\u00e4chst gab es&nbsp; einen l\u00e4ngeren, kurzweiligen Vortag, von Guido Eich \u00fcber den Umgang mit AFB und den betroffenen Imkern. Im Fall eines Seuchenausbruchs werden nicht nur die Bienen und das Material einer ziemlichen Rosskur unterzogen, auch der Imker oder die Imkerin muss einiges aushalten und ist oft nicht in der Lage mit zu helfen. Zu &hellip; <\/p>\n<p class=\"link-more\"><a href=\"https:\/\/www.bremer-imker.de\/bremer-imkerverein\/rueckblick-auf-den-auffrischungskurs-fuer-bienensachverstaendige-am-03-september-2023\/\" class=\"more-link\">Mehr <span class=\"screen-reader-text\">\u00fcber &#8222;R\u00fcckblick auf den Auffrischungskurs f\u00fcr Bienensachverst\u00e4ndige am 03. September 2023&#8220; <\/span>Lesen<\/a><\/p>\n","protected":false},"author":2,"featured_media":0,"comment_status":"open","ping_status":"open","sticky":false,"template":"","format":"standard","meta":{"footnotes":""},"categories":[1],"tags":[],"class_list":["post-4923","post","type-post","status-publish","format-standard","hentry","category-allgemein"],"_links":{"self":[{"href":"https:\/\/www.bremer-imker.de\/bremer-imkerverein\/wp-json\/wp\/v2\/posts\/4923","targetHints":{"allow":["GET"]}}],"collection":[{"href":"https:\/\/www.bremer-imker.de\/bremer-imkerverein\/wp-json\/wp\/v2\/posts"}],"about":[{"href":"https:\/\/www.bremer-imker.de\/bremer-imkerverein\/wp-json\/wp\/v2\/types\/post"}],"author":[{"embeddable":true,"href":"https:\/\/www.bremer-imker.de\/bremer-imkerverein\/wp-json\/wp\/v2\/users\/2"}],"replies":[{"embeddable":true,"href":"https:\/\/www.bremer-imker.de\/bremer-imkerverein\/wp-json\/wp\/v2\/comments?post=4923"}],"version-history":[{"count":1,"href":"https:\/\/www.bremer-imker.de\/bremer-imkerverein\/wp-json\/wp\/v2\/posts\/4923\/revisions"}],"predecessor-version":[{"id":4927,"href":"https:\/\/www.bremer-imker.de\/bremer-imkerverein\/wp-json\/wp\/v2\/posts\/4923\/revisions\/4927"}],"wp:attachment":[{"href":"https:\/\/www.bremer-imker.de\/bremer-imkerverein\/wp-json\/wp\/v2\/media?parent=4923"}],"wp:term":[{"taxonomy":"category","embeddable":true,"href":"https:\/\/www.bremer-imker.de\/bremer-imkerverein\/wp-json\/wp\/v2\/categories?post=4923"},{"taxonomy":"post_tag","embeddable":true,"href":"https:\/\/www.bremer-imker.de\/bremer-imkerverein\/wp-json\/wp\/v2\/tags?post=4923"}],"curies":[{"name":"wp","href":"https:\/\/api.w.org\/{rel}","templated":true}]}}