{"id":4948,"date":"2023-11-28T19:28:06","date_gmt":"2023-11-28T18:28:06","guid":{"rendered":"https:\/\/www.bremer-imker.de\/bremer-imkerverein\/?p=4948"},"modified":"2024-02-21T10:35:16","modified_gmt":"2024-02-21T09:35:16","slug":"buch-von-friedrich-pohl-varroa-milbe","status":"publish","type":"post","link":"https:\/\/www.bremer-imker.de\/bremer-imkerverein\/buch-von-friedrich-pohl-varroa-milbe\/","title":{"rendered":"Buch von Friedrich Pohl: Varroa Milbe"},"content":{"rendered":"\n<p>Und noch ein Buch \u00fcber die Milbe? Eine Frage, die einem durchaus kommen kann.<br>Im ersten Teil wird die Biologie der Milbe vorgestellt und welche Ver\u00e4nderungen sich in den letzten<br>gut 10 Jahren eingestellt haben hinsichtlich auf die Sch\u00e4digung des Bien. War es \u00fcber viele Jahre<br>die schiere Masse an Milben, welche unsere V\u00f6lker in den Tot getrieben haben, sind es jetzt die<br>ver\u00e4nderten Viren. Hierzu gibt es einen erkl\u00e4renden Gast Beitrag von Dr. Hannes Beims. Es folgen<br>Grafiken, welche die Entwicklung der Milben im Volk und des Bienenvolkes \u00fcbereinander legen,<br>sowie unterschiedliche Methoden, die Milben mit m\u00f6glichst wenig Behandlungsmittel wirksam aus<br>dem Volk zu bekommen. Jede dieser Methoden wird mit klaren und \u00fcbersichtlichen Grafiken<br>Schritt f\u00fcr Schritt erkl\u00e4rt. Friedrich Pohl schafft es durch Hinweise zu anderen \/ abweichenden<br>Ans\u00e4tzen zu zeigen, dass es viele Wege gibt und ihm diese nicht fremd sind.<br>Die einzelnen Methoden werden nachvollziehbar aufgezeigt \u2013 auch und gerade f\u00fcr Neuimker. Die<br>zahlreichen Hinweise auf Behandlungsalternativen k\u00f6nnen es einem Anf\u00e4nger auch schwer machen.<br>Hier hilft sicher ein Gespr\u00e4ch mit anderen Imkern. Ist hier die individuelle \/ bzw. angezeigte<br>Entscheidung gefallen, helfen die Grafiken bei der Umsetzung. Auch die neue zugelassene Methode<br>der Verdampfung von Oxals\u00e4ure wird als Alternative zur Spr\u00fch- oder Tr\u00e4ufelbehandlung in<br>brutlosen V\u00f6lkern angeboten. Der brutlose Zustand bietet auch die M\u00f6glichkeit zur rigorosen<br>Bauerneuerung im Brutraum &#8211; auch hierauf wird hingewiesen.<br>Die wichtigste Botschaft sehe ich in der Notwendigkeit daf\u00fcr zu sorgen, dass die Winterbienen ab<br>August (mit einer Entmilbung im Juli) einen milben- und virenarmen Start haben. Dies spricht f\u00fcr<br>mich daf\u00fcr, dass es \u201enoch ein Buch\u201c zur Varroa braucht.<br>Das im Kosmos Verlag erschienene Buch biete auch die M\u00f6glichkeit Arbeitsbl\u00e4tter aus dem Netz<br>herunter zu laden, um die Arbeitsschritte an den eigenen V\u00f6lkern leicht terminieren zu k\u00f6nnen.<\/p>\n\n\n\n<p><a href=\"https:\/\/www.kosmos.de\/de\/varroamilbe_1175651_9783440175651\">https:\/\/www.kosmos.de\/de\/varroamilbe_1175651_9783440175651<\/a><\/p>\n","protected":false},"excerpt":{"rendered":"<p>Und noch ein Buch \u00fcber die Milbe? Eine Frage, die einem durchaus kommen kann.Im ersten Teil wird die Biologie der Milbe vorgestellt und welche Ver\u00e4nderungen sich in den letztengut 10 Jahren eingestellt haben hinsichtlich auf die Sch\u00e4digung des Bien. War es \u00fcber viele Jahredie schiere Masse an Milben, welche unsere V\u00f6lker in den Tot getrieben &hellip; <\/p>\n<p class=\"link-more\"><a href=\"https:\/\/www.bremer-imker.de\/bremer-imkerverein\/buch-von-friedrich-pohl-varroa-milbe\/\" class=\"more-link\">Mehr <span class=\"screen-reader-text\">\u00fcber &#8222;Buch von Friedrich Pohl: Varroa Milbe&#8220; <\/span>Lesen<\/a><\/p>\n","protected":false},"author":2,"featured_media":0,"comment_status":"open","ping_status":"open","sticky":false,"template":"","format":"standard","meta":{"footnotes":""},"categories":[1],"tags":[],"class_list":["post-4948","post","type-post","status-publish","format-standard","hentry","category-allgemein"],"_links":{"self":[{"href":"https:\/\/www.bremer-imker.de\/bremer-imkerverein\/wp-json\/wp\/v2\/posts\/4948","targetHints":{"allow":["GET"]}}],"collection":[{"href":"https:\/\/www.bremer-imker.de\/bremer-imkerverein\/wp-json\/wp\/v2\/posts"}],"about":[{"href":"https:\/\/www.bremer-imker.de\/bremer-imkerverein\/wp-json\/wp\/v2\/types\/post"}],"author":[{"embeddable":true,"href":"https:\/\/www.bremer-imker.de\/bremer-imkerverein\/wp-json\/wp\/v2\/users\/2"}],"replies":[{"embeddable":true,"href":"https:\/\/www.bremer-imker.de\/bremer-imkerverein\/wp-json\/wp\/v2\/comments?post=4948"}],"version-history":[{"count":3,"href":"https:\/\/www.bremer-imker.de\/bremer-imkerverein\/wp-json\/wp\/v2\/posts\/4948\/revisions"}],"predecessor-version":[{"id":4953,"href":"https:\/\/www.bremer-imker.de\/bremer-imkerverein\/wp-json\/wp\/v2\/posts\/4948\/revisions\/4953"}],"wp:attachment":[{"href":"https:\/\/www.bremer-imker.de\/bremer-imkerverein\/wp-json\/wp\/v2\/media?parent=4948"}],"wp:term":[{"taxonomy":"category","embeddable":true,"href":"https:\/\/www.bremer-imker.de\/bremer-imkerverein\/wp-json\/wp\/v2\/categories?post=4948"},{"taxonomy":"post_tag","embeddable":true,"href":"https:\/\/www.bremer-imker.de\/bremer-imkerverein\/wp-json\/wp\/v2\/tags?post=4948"}],"curies":[{"name":"wp","href":"https:\/\/api.w.org\/{rel}","templated":true}]}}