{"id":5037,"date":"2024-04-21T21:13:25","date_gmt":"2024-04-21T19:13:25","guid":{"rendered":"https:\/\/www.bremer-imker.de\/bremer-imkerverein\/?p=5037"},"modified":"2024-04-21T21:13:31","modified_gmt":"2024-04-21T19:13:31","slug":"bienen-aus-der-naehe-bestaunen","status":"publish","type":"post","link":"https:\/\/www.bremer-imker.de\/bremer-imkerverein\/bienen-aus-der-naehe-bestaunen\/","title":{"rendered":"Bienen aus der N\u00e4he bestaunen."},"content":{"rendered":"\n<figure class=\"wp-block-image size-large\"><img decoding=\"async\" src=\"https:\/\/www.bremer-imker.de\/bremer-imkerverein\/wp-content\/uploads\/2024\/04\/DSC_0342-1024x683.jpg\" alt=\"\" class=\"wp-image-5038\"\/><\/figure>\n\n\n\n<p>Bremer Imkertag am Sonntag den 02. Juni 2024 von 11 bis 17 Uhr.<br>Kurzvortr\u00e4ge und Vorf\u00fchrungen \u00fcber den Tag verteilt, mit Angeboten f\u00fcr<br>Kinder. Genaues Programm Folgt.<\/p>\n\n\n\n<p>Wir freuen uns auf Ihren Besuch.<\/p>\n","protected":false},"excerpt":{"rendered":"<p>Bremer Imkertag am Sonntag den 02. Juni 2024 von 11 bis 17 Uhr.Kurzvortr\u00e4ge und Vorf\u00fchrungen \u00fcber den Tag verteilt, mit Angeboten f\u00fcrKinder. Genaues Programm Folgt. Wir freuen uns auf Ihren Besuch.<\/p>\n","protected":false},"author":2,"featured_media":0,"comment_status":"open","ping_status":"open","sticky":false,"template":"","format":"standard","meta":{"footnotes":""},"categories":[1],"tags":[],"class_list":["post-5037","post","type-post","status-publish","format-standard","hentry","category-allgemein"],"_links":{"self":[{"href":"https:\/\/www.bremer-imker.de\/bremer-imkerverein\/wp-json\/wp\/v2\/posts\/5037","targetHints":{"allow":["GET"]}}],"collection":[{"href":"https:\/\/www.bremer-imker.de\/bremer-imkerverein\/wp-json\/wp\/v2\/posts"}],"about":[{"href":"https:\/\/www.bremer-imker.de\/bremer-imkerverein\/wp-json\/wp\/v2\/types\/post"}],"author":[{"embeddable":true,"href":"https:\/\/www.bremer-imker.de\/bremer-imkerverein\/wp-json\/wp\/v2\/users\/2"}],"replies":[{"embeddable":true,"href":"https:\/\/www.bremer-imker.de\/bremer-imkerverein\/wp-json\/wp\/v2\/comments?post=5037"}],"version-history":[{"count":1,"href":"https:\/\/www.bremer-imker.de\/bremer-imkerverein\/wp-json\/wp\/v2\/posts\/5037\/revisions"}],"predecessor-version":[{"id":5039,"href":"https:\/\/www.bremer-imker.de\/bremer-imkerverein\/wp-json\/wp\/v2\/posts\/5037\/revisions\/5039"}],"wp:attachment":[{"href":"https:\/\/www.bremer-imker.de\/bremer-imkerverein\/wp-json\/wp\/v2\/media?parent=5037"}],"wp:term":[{"taxonomy":"category","embeddable":true,"href":"https:\/\/www.bremer-imker.de\/bremer-imkerverein\/wp-json\/wp\/v2\/categories?post=5037"},{"taxonomy":"post_tag","embeddable":true,"href":"https:\/\/www.bremer-imker.de\/bremer-imkerverein\/wp-json\/wp\/v2\/tags?post=5037"}],"curies":[{"name":"wp","href":"https:\/\/api.w.org\/{rel}","templated":true}]}}