{"id":5049,"date":"2024-04-25T08:44:00","date_gmt":"2024-04-25T06:44:00","guid":{"rendered":"https:\/\/www.bremer-imker.de\/bremer-imkerverein\/?p=5049"},"modified":"2024-04-25T08:44:03","modified_gmt":"2024-04-25T06:44:03","slug":"auch-in-bremen-ist-die-asiatische-hornisse-angekommen","status":"publish","type":"post","link":"https:\/\/www.bremer-imker.de\/bremer-imkerverein\/auch-in-bremen-ist-die-asiatische-hornisse-angekommen\/","title":{"rendered":"Auch in Bremen ist die Asiatische Hornisse angekommen"},"content":{"rendered":"\n<p>Auch in Bremen ist die Asiatische Hornisse angekommen. Ihr Eilt der ruf<br>voraus Bienen zu Jagen und V\u00f6lker zu t\u00f6ten, daneben ist die Allergie<br>Gefahr erh\u00f6ht gegen\u00fcber der Einheimischen Hornisse.<\/p>\n\n\n\n<p>Auf der Homepage des Imkerverein Blumenthal gibt es hierzu weitere<br>Informationen.<\/p>\n\n\n\n<figure class=\"wp-block-embed is-type-wp-embed is-provider-imkerverein-bremen-blumenthal wp-block-embed-imkerverein-bremen-blumenthal\"><div class=\"wp-block-embed__wrapper\">\n<blockquote class=\"wp-embedded-content\" data-secret=\"HOoozBL3Px\"><a href=\"https:\/\/www.imkerverein-bremen-blumenthal.de\/asiatische-hornisse-in-bremen-gesichtet\/\">Asiatische Hornisse in Bremen gesichtet<\/a><\/blockquote><iframe loading=\"lazy\" class=\"wp-embedded-content\" sandbox=\"allow-scripts\" security=\"restricted\" style=\"position: absolute; visibility: hidden;\" title=\"&#8222;Asiatische Hornisse in Bremen gesichtet&#8220; &#8211; Imkerverein Bremen-Blumenthal\" src=\"https:\/\/www.imkerverein-bremen-blumenthal.de\/asiatische-hornisse-in-bremen-gesichtet\/embed\/#?secret=ArEaK880qQ#?secret=HOoozBL3Px\" data-secret=\"HOoozBL3Px\" width=\"600\" height=\"338\" frameborder=\"0\" marginwidth=\"0\" marginheight=\"0\" scrolling=\"no\"><\/iframe>\n<\/div><\/figure>\n\n\n\n<p>Meldungen von Funden \u00fcber:&nbsp; &nbsp;&nbsp;<a href=\"https:\/\/www.velutina.info\/\" rel=\"noreferrer noopener\" target=\"_blank\">https:\/\/www.velutina.info\/<\/a><\/p>\n\n\n\n<div data-wp-interactive=\"core\/file\" class=\"wp-block-file\"><object data-wp-bind--hidden=\"!state.hasPdfPreview\" hidden class=\"wp-block-file__embed\" data=\"https:\/\/www.bremer-imker.de\/bremer-imkerverein\/wp-content\/uploads\/2024\/04\/Asiatische-Hornisse.pdf\" type=\"application\/pdf\" style=\"width:100%;height:600px\" aria-label=\"Einbettung von Asiatische-Hornisse.\"><\/object><a id=\"wp-block-file--media-e341a6b6-59aa-4d61-91f6-238df59fd580\" href=\"https:\/\/www.bremer-imker.de\/bremer-imkerverein\/wp-content\/uploads\/2024\/04\/Asiatische-Hornisse.pdf\">Asiatische-Hornisse<\/a><a href=\"https:\/\/www.bremer-imker.de\/bremer-imkerverein\/wp-content\/uploads\/2024\/04\/Asiatische-Hornisse.pdf\" class=\"wp-block-file__button wp-element-button\" download aria-describedby=\"wp-block-file--media-e341a6b6-59aa-4d61-91f6-238df59fd580\">Herunterladen<\/a><\/div>\n","protected":false},"excerpt":{"rendered":"<p>Auch in Bremen ist die Asiatische Hornisse angekommen. Ihr Eilt der rufvoraus Bienen zu Jagen und V\u00f6lker zu t\u00f6ten, daneben ist die AllergieGefahr erh\u00f6ht gegen\u00fcber der Einheimischen Hornisse. Auf der Homepage des Imkerverein Blumenthal gibt es hierzu weitereInformationen. Meldungen von Funden \u00fcber:&nbsp; &nbsp;&nbsp;https:\/\/www.velutina.info\/<\/p>\n","protected":false},"author":2,"featured_media":0,"comment_status":"open","ping_status":"open","sticky":false,"template":"","format":"standard","meta":{"footnotes":""},"categories":[1],"tags":[],"class_list":["post-5049","post","type-post","status-publish","format-standard","hentry","category-allgemein"],"_links":{"self":[{"href":"https:\/\/www.bremer-imker.de\/bremer-imkerverein\/wp-json\/wp\/v2\/posts\/5049","targetHints":{"allow":["GET"]}}],"collection":[{"href":"https:\/\/www.bremer-imker.de\/bremer-imkerverein\/wp-json\/wp\/v2\/posts"}],"about":[{"href":"https:\/\/www.bremer-imker.de\/bremer-imkerverein\/wp-json\/wp\/v2\/types\/post"}],"author":[{"embeddable":true,"href":"https:\/\/www.bremer-imker.de\/bremer-imkerverein\/wp-json\/wp\/v2\/users\/2"}],"replies":[{"embeddable":true,"href":"https:\/\/www.bremer-imker.de\/bremer-imkerverein\/wp-json\/wp\/v2\/comments?post=5049"}],"version-history":[{"count":1,"href":"https:\/\/www.bremer-imker.de\/bremer-imkerverein\/wp-json\/wp\/v2\/posts\/5049\/revisions"}],"predecessor-version":[{"id":5051,"href":"https:\/\/www.bremer-imker.de\/bremer-imkerverein\/wp-json\/wp\/v2\/posts\/5049\/revisions\/5051"}],"wp:attachment":[{"href":"https:\/\/www.bremer-imker.de\/bremer-imkerverein\/wp-json\/wp\/v2\/media?parent=5049"}],"wp:term":[{"taxonomy":"category","embeddable":true,"href":"https:\/\/www.bremer-imker.de\/bremer-imkerverein\/wp-json\/wp\/v2\/categories?post=5049"},{"taxonomy":"post_tag","embeddable":true,"href":"https:\/\/www.bremer-imker.de\/bremer-imkerverein\/wp-json\/wp\/v2\/tags?post=5049"}],"curies":[{"name":"wp","href":"https:\/\/api.w.org\/{rel}","templated":true}]}}