{"id":5065,"date":"2024-05-05T18:25:55","date_gmt":"2024-05-05T16:25:55","guid":{"rendered":"https:\/\/www.bremer-imker.de\/bremer-imkerverein\/?p=5065"},"modified":"2024-05-05T18:25:58","modified_gmt":"2024-05-05T16:25:58","slug":"sommerferienaktion-des-imkervereins-bremen-2024","status":"publish","type":"post","link":"https:\/\/www.bremer-imker.de\/bremer-imkerverein\/sommerferienaktion-des-imkervereins-bremen-2024\/","title":{"rendered":"Sommerferienaktion des Imkervereins- Bremen 2024"},"content":{"rendered":"\n<p>Unser Sommerferienprogramm findet dieses Jahr: vom 24.06. bis zum 28.06.<br>2024 f\u00fcr Kinder von 8-12 Jahren statt<br>Folgende Themen bieten wir an:<br>\uf0b7 Bienenforscher werden:<br>Honigbienen und Wildbienen jeden Tag besser kennen lernen, verstehen und mit ihnen<br>leben lernen. Die Bienen und deren Produkte mit allen Sinnen erfassen. Dazu spielen wir<br>auch das soziale Verhalten der Bienen nach.<br>\uf0b7 Bienenwohnungen und Lebensr\u00e4ume eingehender erforschen.<br>Nistm\u00f6glichkeiten f\u00fcr Bienen schaffen bzw. bauen. F\u00fcr die Nahrung lernen die Kinder<br>wichtige Pflanzen kennen. F\u00fcr die Bienenweide stellen wir Samenkugeln her, die<br>mitgenommen werden k\u00f6nnen.<br>\uf0b7 Das Bienenprodukt Wachs in vielen Facetten kennen lernen. Seinen Nutzen f\u00fcr Tier und<br>Mensch anwenden.<br>\uf0b7 Malwettbewerb:<br>Bienenbeuten aus verschiedenen Materialien bemalen.<br>\uf0b7 Bienen und andere Haustiere am Kinderbauernhof \u201eTenever \u201e streicheln und f\u00fcttern.<br>Au\u00dferdem viel Austobe-M\u00f6glichkeit am Spielplatz.<br>\uf0b7 Kochen und Backen mit Honig<br>Mit Honig zaubern wir viele leckere Gerichte, die dann aufgegessen werden. Die Reste<br>k\u00f6nnen in mitgebrachten Beh\u00e4ltnissen mitgenommen werden.<\/p>\n\n\n\n<hr class=\"wp-block-separator has-alpha-channel-opacity\"\/>\n\n\n\n<p>Es gibt jeden Tag ein Honig- Fr\u00fchst\u00fcck.<br>Veranstaltungsorte:<br>Lehrbienenstand auf dem L\u00fcr Kropp Hof, Rockwinkeler Landstra\u00dfe Nr. 5 Bremen Oberneuland<br>Kinderbauernhof Tenever , Am Osterholzer Deich 14, 28325-Bremen<br>Zeit: Mo. bis Fr. 9.00 Uhr bis 13.00 Uhr<br>Kosten: 1 Kind- 80\u20ac, +jedes weitere Geschwisterkind 40\u20ac , Kinder mit Bremen- Pass 40\u20ac<br>Anmeldeschluss: 18.06.2024<br>Anmeldung bei: Rita Schinkel; Tel.: 04207-2185 oder per Mail: schinkelrita@aol.com<br>Auf eure Teilnahme freut sich der Imkerverein Bremen von 1875e.V.<\/p>\n\n\n\n<div class=\"wp-block-file\"><a id=\"wp-block-file--media-bc432059-67fb-4fb7-a929-74be0025a3d0\" href=\"https:\/\/www.bremer-imker.de\/bremer-imkerverein\/wp-content\/uploads\/2024\/05\/Ausschreibungstext-fuer-Sommerferienaktion-2024-des-Imkervereins-Bremen-von-1875-e.docx\">Ausschreibungstext-fuer-Sommerferienaktion-2024-des-Imkervereins-Bremen-von-1875-e<\/a><a href=\"https:\/\/www.bremer-imker.de\/bremer-imkerverein\/wp-content\/uploads\/2024\/05\/Ausschreibungstext-fuer-Sommerferienaktion-2024-des-Imkervereins-Bremen-von-1875-e.docx\" class=\"wp-block-file__button wp-element-button\" download aria-describedby=\"wp-block-file--media-bc432059-67fb-4fb7-a929-74be0025a3d0\">Herunterladen<\/a><\/div>\n","protected":false},"excerpt":{"rendered":"<p>Unser Sommerferienprogramm findet dieses Jahr: vom 24.06. bis zum 28.06.2024 f\u00fcr Kinder von 8-12 Jahren stattFolgende Themen bieten wir an:\uf0b7 Bienenforscher werden:Honigbienen und Wildbienen jeden Tag besser kennen lernen, verstehen und mit ihnenleben lernen. Die Bienen und deren Produkte mit allen Sinnen erfassen. Dazu spielen wirauch das soziale Verhalten der Bienen nach.\uf0b7 Bienenwohnungen und Lebensr\u00e4ume &hellip; <\/p>\n<p class=\"link-more\"><a href=\"https:\/\/www.bremer-imker.de\/bremer-imkerverein\/sommerferienaktion-des-imkervereins-bremen-2024\/\" class=\"more-link\">Mehr <span class=\"screen-reader-text\">\u00fcber &#8222;Sommerferienaktion des Imkervereins- Bremen 2024&#8220; <\/span>Lesen<\/a><\/p>\n","protected":false},"author":2,"featured_media":0,"comment_status":"open","ping_status":"open","sticky":false,"template":"","format":"standard","meta":{"footnotes":""},"categories":[1],"tags":[],"class_list":["post-5065","post","type-post","status-publish","format-standard","hentry","category-allgemein"],"_links":{"self":[{"href":"https:\/\/www.bremer-imker.de\/bremer-imkerverein\/wp-json\/wp\/v2\/posts\/5065","targetHints":{"allow":["GET"]}}],"collection":[{"href":"https:\/\/www.bremer-imker.de\/bremer-imkerverein\/wp-json\/wp\/v2\/posts"}],"about":[{"href":"https:\/\/www.bremer-imker.de\/bremer-imkerverein\/wp-json\/wp\/v2\/types\/post"}],"author":[{"embeddable":true,"href":"https:\/\/www.bremer-imker.de\/bremer-imkerverein\/wp-json\/wp\/v2\/users\/2"}],"replies":[{"embeddable":true,"href":"https:\/\/www.bremer-imker.de\/bremer-imkerverein\/wp-json\/wp\/v2\/comments?post=5065"}],"version-history":[{"count":2,"href":"https:\/\/www.bremer-imker.de\/bremer-imkerverein\/wp-json\/wp\/v2\/posts\/5065\/revisions"}],"predecessor-version":[{"id":5068,"href":"https:\/\/www.bremer-imker.de\/bremer-imkerverein\/wp-json\/wp\/v2\/posts\/5065\/revisions\/5068"}],"wp:attachment":[{"href":"https:\/\/www.bremer-imker.de\/bremer-imkerverein\/wp-json\/wp\/v2\/media?parent=5065"}],"wp:term":[{"taxonomy":"category","embeddable":true,"href":"https:\/\/www.bremer-imker.de\/bremer-imkerverein\/wp-json\/wp\/v2\/categories?post=5065"},{"taxonomy":"post_tag","embeddable":true,"href":"https:\/\/www.bremer-imker.de\/bremer-imkerverein\/wp-json\/wp\/v2\/tags?post=5065"}],"curies":[{"name":"wp","href":"https:\/\/api.w.org\/{rel}","templated":true}]}}