{"id":5150,"date":"2024-08-29T09:55:15","date_gmt":"2024-08-29T07:55:15","guid":{"rendered":"https:\/\/www.bremer-imker.de\/bremer-imkerverein\/?p=5150"},"modified":"2024-09-04T09:44:45","modified_gmt":"2024-09-04T07:44:45","slug":"er-war-wieder-da-und-kommt-schon-bald-wieder","status":"publish","type":"post","link":"https:\/\/www.bremer-imker.de\/bremer-imkerverein\/er-war-wieder-da-und-kommt-schon-bald-wieder\/","title":{"rendered":"Er war wieder da und kommt schon bald wieder.."},"content":{"rendered":"\n<p>Am 25.08.24 hatten wir Guido Eich f\u00fcr das Tagesseminar Spuren lesen am Lehrbienenstand. Ein befreundeter Imker sagte mir, das sei der wichtigste Kurs den Du anbieten kannst. Mein Eindruck nach dem Kurs ist, das passt. Den Bien zu Verstehen ohne die Beute zu \u00f6ffnen ist eigentlich das wichtigste was wir lernen k\u00f6nnen. Hier denke ich haben die meisten von uns in Ihrem Wissen noch Luft nach oben. Wir werden den Kurs wenn m\u00f6glich 2025 wieder anbieten.<\/p>\n\n\n\n<p>Am 03.09.24 haben wir Guido Eich wieder zu Gast in Bremen f\u00fcr unseren Monatsabend&nbsp; mit dem Thema&nbsp;<strong>Honig 2.0.&nbsp;<\/strong>Ich habe mir den Vortag schon einmal im IV OHZ angeh\u00f6rt. Sah dort manches Best\u00e4tigt&nbsp; und konnte auch einiges f\u00fcr mich Mitnehmen.<\/p>\n\n\n\n<p>19:30 Uhr<\/p>\n\n\n\n<p><strong>Hanna-Harder-Haus<\/strong><\/p>\n\n\n\n<p>Berliner Freiheit 9C<\/p>\n\n\n\n<figure class=\"wp-block-image size-full\"><img decoding=\"async\" src=\"https:\/\/www.bremer-imker.de\/bremer-imkerverein\/wp-content\/uploads\/2024\/08\/IMG_20240825_150449.jpg\" alt=\"\" class=\"wp-image-5152\"\/><\/figure>\n","protected":false},"excerpt":{"rendered":"<p>Am 25.08.24 hatten wir Guido Eich f\u00fcr das Tagesseminar Spuren lesen am Lehrbienenstand. Ein befreundeter Imker sagte mir, das sei der wichtigste Kurs den Du anbieten kannst. Mein Eindruck nach dem Kurs ist, das passt. Den Bien zu Verstehen ohne die Beute zu \u00f6ffnen ist eigentlich das wichtigste was wir lernen k\u00f6nnen. Hier denke ich &hellip; <\/p>\n<p class=\"link-more\"><a href=\"https:\/\/www.bremer-imker.de\/bremer-imkerverein\/er-war-wieder-da-und-kommt-schon-bald-wieder\/\" class=\"more-link\">Mehr <span class=\"screen-reader-text\">\u00fcber &#8222;Er war wieder da und kommt schon bald wieder..&#8220; <\/span>Lesen<\/a><\/p>\n","protected":false},"author":2,"featured_media":0,"comment_status":"open","ping_status":"open","sticky":false,"template":"","format":"standard","meta":{"footnotes":""},"categories":[1],"tags":[],"class_list":["post-5150","post","type-post","status-publish","format-standard","hentry","category-allgemein"],"_links":{"self":[{"href":"https:\/\/www.bremer-imker.de\/bremer-imkerverein\/wp-json\/wp\/v2\/posts\/5150","targetHints":{"allow":["GET"]}}],"collection":[{"href":"https:\/\/www.bremer-imker.de\/bremer-imkerverein\/wp-json\/wp\/v2\/posts"}],"about":[{"href":"https:\/\/www.bremer-imker.de\/bremer-imkerverein\/wp-json\/wp\/v2\/types\/post"}],"author":[{"embeddable":true,"href":"https:\/\/www.bremer-imker.de\/bremer-imkerverein\/wp-json\/wp\/v2\/users\/2"}],"replies":[{"embeddable":true,"href":"https:\/\/www.bremer-imker.de\/bremer-imkerverein\/wp-json\/wp\/v2\/comments?post=5150"}],"version-history":[{"count":1,"href":"https:\/\/www.bremer-imker.de\/bremer-imkerverein\/wp-json\/wp\/v2\/posts\/5150\/revisions"}],"predecessor-version":[{"id":5153,"href":"https:\/\/www.bremer-imker.de\/bremer-imkerverein\/wp-json\/wp\/v2\/posts\/5150\/revisions\/5153"}],"wp:attachment":[{"href":"https:\/\/www.bremer-imker.de\/bremer-imkerverein\/wp-json\/wp\/v2\/media?parent=5150"}],"wp:term":[{"taxonomy":"category","embeddable":true,"href":"https:\/\/www.bremer-imker.de\/bremer-imkerverein\/wp-json\/wp\/v2\/categories?post=5150"},{"taxonomy":"post_tag","embeddable":true,"href":"https:\/\/www.bremer-imker.de\/bremer-imkerverein\/wp-json\/wp\/v2\/tags?post=5150"}],"curies":[{"name":"wp","href":"https:\/\/api.w.org\/{rel}","templated":true}]}}