{"id":5258,"date":"2024-12-17T10:56:29","date_gmt":"2024-12-17T09:56:29","guid":{"rendered":"https:\/\/www.bremer-imker.de\/bremer-imkerverein\/?p=5258"},"modified":"2024-12-17T10:56:30","modified_gmt":"2024-12-17T09:56:30","slug":"jahresausklang-2024-ohne-bienen","status":"publish","type":"post","link":"https:\/\/www.bremer-imker.de\/bremer-imkerverein\/jahresausklang-2024-ohne-bienen\/","title":{"rendered":"Jahresausklang 2024, ohne Bienen."},"content":{"rendered":"\n<p>Auftakt um 18 Uhr war ein Besuch im Bremer Fallturm wo wir etwas \u00fcber<br>die Arbeit hier erfahren konnten. Danach&nbsp; ging es zum Platzhirsch am<br>Kuhgrabenweg zum Gem\u00fctlichen Abendessen. Die Gespr\u00e4che hier kreisten<br>vermutlich schwerpunktm\u00e4\u00dfig nicht um Versuche in Schwerelosigkeit<br>sondern um die Bienen.<\/p>\n\n\n\n<p>Allen friedliche und Besinnliche Feiertage&nbsp; und alles gute f\u00fcr 2025<\/p>\n\n\n\n<figure class=\"wp-block-image size-full\"><img decoding=\"async\" src=\"https:\/\/www.bremer-imker.de\/bremer-imkerverein\/wp-content\/uploads\/2024\/12\/signal-2024-12-05-175112_002.jpg\" alt=\"\" class=\"wp-image-5260\"\/><\/figure>\n\n\n\n<figure class=\"wp-block-image size-full\"><img decoding=\"async\" src=\"https:\/\/www.bremer-imker.de\/bremer-imkerverein\/wp-content\/uploads\/2024\/12\/signal-2024-12-05-175112_006.jpg\" alt=\"\" class=\"wp-image-5261\"\/><\/figure>\n","protected":false},"excerpt":{"rendered":"<p>Auftakt um 18 Uhr war ein Besuch im Bremer Fallturm wo wir etwas \u00fcberdie Arbeit hier erfahren konnten. Danach&nbsp; ging es zum Platzhirsch amKuhgrabenweg zum Gem\u00fctlichen Abendessen. Die Gespr\u00e4che hier kreistenvermutlich schwerpunktm\u00e4\u00dfig nicht um Versuche in Schwerelosigkeitsondern um die Bienen. Allen friedliche und Besinnliche Feiertage&nbsp; und alles gute f\u00fcr 2025<\/p>\n","protected":false},"author":2,"featured_media":0,"comment_status":"open","ping_status":"open","sticky":false,"template":"","format":"standard","meta":{"footnotes":""},"categories":[1],"tags":[],"class_list":["post-5258","post","type-post","status-publish","format-standard","hentry","category-allgemein"],"_links":{"self":[{"href":"https:\/\/www.bremer-imker.de\/bremer-imkerverein\/wp-json\/wp\/v2\/posts\/5258","targetHints":{"allow":["GET"]}}],"collection":[{"href":"https:\/\/www.bremer-imker.de\/bremer-imkerverein\/wp-json\/wp\/v2\/posts"}],"about":[{"href":"https:\/\/www.bremer-imker.de\/bremer-imkerverein\/wp-json\/wp\/v2\/types\/post"}],"author":[{"embeddable":true,"href":"https:\/\/www.bremer-imker.de\/bremer-imkerverein\/wp-json\/wp\/v2\/users\/2"}],"replies":[{"embeddable":true,"href":"https:\/\/www.bremer-imker.de\/bremer-imkerverein\/wp-json\/wp\/v2\/comments?post=5258"}],"version-history":[{"count":1,"href":"https:\/\/www.bremer-imker.de\/bremer-imkerverein\/wp-json\/wp\/v2\/posts\/5258\/revisions"}],"predecessor-version":[{"id":5262,"href":"https:\/\/www.bremer-imker.de\/bremer-imkerverein\/wp-json\/wp\/v2\/posts\/5258\/revisions\/5262"}],"wp:attachment":[{"href":"https:\/\/www.bremer-imker.de\/bremer-imkerverein\/wp-json\/wp\/v2\/media?parent=5258"}],"wp:term":[{"taxonomy":"category","embeddable":true,"href":"https:\/\/www.bremer-imker.de\/bremer-imkerverein\/wp-json\/wp\/v2\/categories?post=5258"},{"taxonomy":"post_tag","embeddable":true,"href":"https:\/\/www.bremer-imker.de\/bremer-imkerverein\/wp-json\/wp\/v2\/tags?post=5258"}],"curies":[{"name":"wp","href":"https:\/\/api.w.org\/{rel}","templated":true}]}}