{"id":5378,"date":"2025-04-28T11:15:20","date_gmt":"2025-04-28T09:15:20","guid":{"rendered":"https:\/\/www.bremer-imker.de\/bremer-imkerverein\/?p=5378"},"modified":"2025-04-28T11:15:21","modified_gmt":"2025-04-28T09:15:21","slug":"leistungspruefung-in-kombination-mit-koeniginnenzucht","status":"publish","type":"post","link":"https:\/\/www.bremer-imker.de\/bremer-imkerverein\/leistungspruefung-in-kombination-mit-koeniginnenzucht\/","title":{"rendered":"Leistungspr\u00fcfung in Kombination mit K\u00f6niginnenzucht"},"content":{"rendered":"\n<p>Zu Gast einer der neue Imkermeister am Celler Bieneninstitut, Lennart Siemann, seit 2024 ist er f\u00fcr die Leistungspr\u00fcfung verantwortlich. Nach dem die Zucht einige Jahre am Institut aus verschiedenen Gr\u00fcnden nicht im Mittelpunkt stand, hat Herr Siemann jetzt die Aufgabe, zusammen mit Kollegen, die Zucht am Institut wieder nach vorne zu bringen. Welche Punkte sind Ihm und dem Institut heute dabei wichtig, nach welchen Kreterin wird Selektiert? Welche Rolle spielt die Varroatoleranz? Kann 2025 Zuchtstoff abgegeben werden? Wie l\u00e4uft die Abgabe ab? Wer kann dies nutzen?<\/p>\n\n\n\n<p>Und welche Frage habt Ihr, zur Selektion? An diesem Abend kann es Antworten geben.<\/p>\n","protected":false},"excerpt":{"rendered":"<p>Zu Gast einer der neue Imkermeister am Celler Bieneninstitut, Lennart Siemann, seit 2024 ist er f\u00fcr die Leistungspr\u00fcfung verantwortlich. Nach dem die Zucht einige Jahre am Institut aus verschiedenen Gr\u00fcnden nicht im Mittelpunkt stand, hat Herr Siemann jetzt die Aufgabe, zusammen mit Kollegen, die Zucht am Institut wieder nach vorne zu bringen. Welche Punkte sind &hellip; <\/p>\n<p class=\"link-more\"><a href=\"https:\/\/www.bremer-imker.de\/bremer-imkerverein\/leistungspruefung-in-kombination-mit-koeniginnenzucht\/\" class=\"more-link\">Mehr <span class=\"screen-reader-text\">\u00fcber &#8222;Leistungspr\u00fcfung in Kombination mit K\u00f6niginnenzucht&#8220; <\/span>Lesen<\/a><\/p>\n","protected":false},"author":2,"featured_media":0,"comment_status":"open","ping_status":"open","sticky":false,"template":"","format":"standard","meta":{"footnotes":""},"categories":[1],"tags":[],"class_list":["post-5378","post","type-post","status-publish","format-standard","hentry","category-allgemein"],"_links":{"self":[{"href":"https:\/\/www.bremer-imker.de\/bremer-imkerverein\/wp-json\/wp\/v2\/posts\/5378","targetHints":{"allow":["GET"]}}],"collection":[{"href":"https:\/\/www.bremer-imker.de\/bremer-imkerverein\/wp-json\/wp\/v2\/posts"}],"about":[{"href":"https:\/\/www.bremer-imker.de\/bremer-imkerverein\/wp-json\/wp\/v2\/types\/post"}],"author":[{"embeddable":true,"href":"https:\/\/www.bremer-imker.de\/bremer-imkerverein\/wp-json\/wp\/v2\/users\/2"}],"replies":[{"embeddable":true,"href":"https:\/\/www.bremer-imker.de\/bremer-imkerverein\/wp-json\/wp\/v2\/comments?post=5378"}],"version-history":[{"count":1,"href":"https:\/\/www.bremer-imker.de\/bremer-imkerverein\/wp-json\/wp\/v2\/posts\/5378\/revisions"}],"predecessor-version":[{"id":5380,"href":"https:\/\/www.bremer-imker.de\/bremer-imkerverein\/wp-json\/wp\/v2\/posts\/5378\/revisions\/5380"}],"wp:attachment":[{"href":"https:\/\/www.bremer-imker.de\/bremer-imkerverein\/wp-json\/wp\/v2\/media?parent=5378"}],"wp:term":[{"taxonomy":"category","embeddable":true,"href":"https:\/\/www.bremer-imker.de\/bremer-imkerverein\/wp-json\/wp\/v2\/categories?post=5378"},{"taxonomy":"post_tag","embeddable":true,"href":"https:\/\/www.bremer-imker.de\/bremer-imkerverein\/wp-json\/wp\/v2\/tags?post=5378"}],"curies":[{"name":"wp","href":"https:\/\/api.w.org\/{rel}","templated":true}]}}