{"id":5393,"date":"2025-05-05T16:42:42","date_gmt":"2025-05-05T14:42:42","guid":{"rendered":"https:\/\/www.bremer-imker.de\/bremer-imkerverein\/?p=5393"},"modified":"2025-05-05T16:42:43","modified_gmt":"2025-05-05T14:42:43","slug":"sommerferienaktion-2025-des-imkervereins-von-1875-e-v","status":"publish","type":"post","link":"https:\/\/www.bremer-imker.de\/bremer-imkerverein\/sommerferienaktion-2025-des-imkervereins-von-1875-e-v\/","title":{"rendered":"Sommerferienaktion 2025 des Imkervereins- von 1875 e.V."},"content":{"rendered":"\n<p>Unser Sommerferienprogramm findet dieses Jahr: vom 07.07. bis zum 11.07. 2025 f\u00fcr Kinder von 8-12 Jahren statt<\/p>\n\n\n\n<p><br><strong>Folgende Themen bieten wir an:<\/strong><br>\uf0b7 <strong>Bienenforscher werden:<\/strong><br>Honigbienen und Wildbienen jeden Tag besser kennen lernen, verstehen und mit ihnen<br>leben lernen. Die Bienen und deren Produkte mit allen Sinnen erfassen. Dazu spielen wir<br>auch das soziale Verhalten der Bienen nach.<br>\uf0b7 <strong>Bienenwohnungen und Lebensr\u00e4ume eingehender erforschen.<\/strong><br>Nistm\u00f6glichkeiten f\u00fcr Bienen schaffen bzw. bauen. F\u00fcr die Nahrung lernen die Kinder<br>wichtige Pflanzen kennen. F\u00fcr die Bienenweide stellen wir Samenkugeln her, die<br>mitgenommen werden k\u00f6nnen.<br>\uf0b7 <strong>Das Bienenprodukt Wachs<\/strong> in vielen Facetten kennen lernen. Seinen Nutzen f\u00fcr Tier und<br>Mensch anwenden.<br>\uf0b7 <strong>Malwettbewerb:<\/strong><br>Bienenbeuten aus verschiedenen Materialien bemalen.<br>\uf0b7 <strong>Bienen und andere Haustiere am Kinderbauernhof \u201eTenever&#8220;<\/strong> streicheln und f\u00fcttern.<br>Au\u00dferdem viel Austobe-M\u00f6glichkeit am Spielplatz.<br>\uf0b7 <strong>Kochen und Backen mit Honig<\/strong><br>Mit Honig zaubern wir viele leckere Gerichte, die dann aufgegessen werden. Die Reste<br>k\u00f6nnen in mitgebrachten Beh\u00e4ltnissen mitgenommen werden.<\/p>\n\n\n\n<hr class=\"wp-block-separator has-alpha-channel-opacity\"\/>\n\n\n\n<p><strong>Es gibt jeden Tag ein Honig- Fr\u00fchst\u00fcck.<\/strong><\/p>\n\n\n\n<p><br><strong>Veranstaltungsorte:<\/strong><br>Lehrbienenstand auf dem L\u00fcr Kropp Hof, Rockwinkeler Landstra\u00dfe Nr. 5 Bremen Oberneuland<br>Kinderbauernhof Tenever , Am Osterholzer Deich 14, 28325-Bremen<br><strong>Zeit:<\/strong> Mo. bis Fr. 9.00 Uhr bis 13.00 Uhr<br><strong>Kosten:<\/strong> 1 Kind- 80\u20ac, +jedes weitere Geschwisterkind 40\u20ac , Kinder mit Bremen- Pass 40\u20ac<br><strong>Anmeldeschluss:<\/strong> 30.06.2025<\/p>\n\n\n\n<p><br><strong>Anmeldung<\/strong> <strong>bei<\/strong>: Rita Schinkel; Tel.: 04207-2185 oder per Mail: schinkelrita@aol.com<\/p>\n\n\n\n<p><br>Auf eure Teilnahme freut sich der Imkerverein Bremen von 1875e.V.<\/p>\n","protected":false},"excerpt":{"rendered":"<p>Unser Sommerferienprogramm findet dieses Jahr: vom 07.07. bis zum 11.07. 2025 f\u00fcr Kinder von 8-12 Jahren statt Folgende Themen bieten wir an:\uf0b7 Bienenforscher werden:Honigbienen und Wildbienen jeden Tag besser kennen lernen, verstehen und mit ihnenleben lernen. Die Bienen und deren Produkte mit allen Sinnen erfassen. Dazu spielen wirauch das soziale Verhalten der Bienen nach.\uf0b7 Bienenwohnungen &hellip; <\/p>\n<p class=\"link-more\"><a href=\"https:\/\/www.bremer-imker.de\/bremer-imkerverein\/sommerferienaktion-2025-des-imkervereins-von-1875-e-v\/\" class=\"more-link\">Mehr <span class=\"screen-reader-text\">\u00fcber &#8222;Sommerferienaktion 2025 des Imkervereins- von 1875 e.V.&#8220; <\/span>Lesen<\/a><\/p>\n","protected":false},"author":2,"featured_media":0,"comment_status":"open","ping_status":"open","sticky":false,"template":"","format":"standard","meta":{"footnotes":""},"categories":[1],"tags":[],"class_list":["post-5393","post","type-post","status-publish","format-standard","hentry","category-allgemein"],"_links":{"self":[{"href":"https:\/\/www.bremer-imker.de\/bremer-imkerverein\/wp-json\/wp\/v2\/posts\/5393","targetHints":{"allow":["GET"]}}],"collection":[{"href":"https:\/\/www.bremer-imker.de\/bremer-imkerverein\/wp-json\/wp\/v2\/posts"}],"about":[{"href":"https:\/\/www.bremer-imker.de\/bremer-imkerverein\/wp-json\/wp\/v2\/types\/post"}],"author":[{"embeddable":true,"href":"https:\/\/www.bremer-imker.de\/bremer-imkerverein\/wp-json\/wp\/v2\/users\/2"}],"replies":[{"embeddable":true,"href":"https:\/\/www.bremer-imker.de\/bremer-imkerverein\/wp-json\/wp\/v2\/comments?post=5393"}],"version-history":[{"count":2,"href":"https:\/\/www.bremer-imker.de\/bremer-imkerverein\/wp-json\/wp\/v2\/posts\/5393\/revisions"}],"predecessor-version":[{"id":5397,"href":"https:\/\/www.bremer-imker.de\/bremer-imkerverein\/wp-json\/wp\/v2\/posts\/5393\/revisions\/5397"}],"wp:attachment":[{"href":"https:\/\/www.bremer-imker.de\/bremer-imkerverein\/wp-json\/wp\/v2\/media?parent=5393"}],"wp:term":[{"taxonomy":"category","embeddable":true,"href":"https:\/\/www.bremer-imker.de\/bremer-imkerverein\/wp-json\/wp\/v2\/categories?post=5393"},{"taxonomy":"post_tag","embeddable":true,"href":"https:\/\/www.bremer-imker.de\/bremer-imkerverein\/wp-json\/wp\/v2\/tags?post=5393"}],"curies":[{"name":"wp","href":"https:\/\/api.w.org\/{rel}","templated":true}]}}