{"id":573,"date":"2016-02-22T18:59:32","date_gmt":"2016-02-22T17:59:32","guid":{"rendered":"http:\/\/www.bremer-imker.de\/bremer-imkerverein\/?p=573"},"modified":"2016-02-22T19:09:05","modified_gmt":"2016-02-22T18:09:05","slug":"laves-08-02-2016","status":"publish","type":"post","link":"https:\/\/www.bremer-imker.de\/bremer-imkerverein\/laves-08-02-2016\/","title":{"rendered":"Laves 08.02.2016"},"content":{"rendered":"<h2><span class=\"pdf\">Infobrief LAVES vom 08.02.2016<\/span><\/h2>\n<p>Die Futtervorr\u00e4te in den Bienenv\u00f6lkern k\u00f6nnten knapp werden. Notfalls muss<br \/>\nschon jetzt eine Notf\u00fctterung durchgef\u00fchrt werden!<br \/>\nNormalerweise reichen Futtervorr\u00e4te bis zum Beginn des &#8230;<\/p>\n<p>[download id=&#8220;574&#8243;]<\/p>\n","protected":false},"excerpt":{"rendered":"<p>Infobrief LAVES vom 08.02.2016 Die Futtervorr\u00e4te in den Bienenv\u00f6lkern k\u00f6nnten knapp werden. Notfalls muss schon jetzt eine Notf\u00fctterung durchgef\u00fchrt werden! Normalerweise reichen Futtervorr\u00e4te bis zum Beginn des &#8230; [download id=&#8220;574&#8243;]<\/p>\n","protected":false},"author":2,"featured_media":0,"comment_status":"closed","ping_status":"open","sticky":false,"template":"","format":"standard","meta":{"footnotes":""},"categories":[1],"tags":[],"class_list":["post-573","post","type-post","status-publish","format-standard","hentry","category-allgemein"],"_links":{"self":[{"href":"https:\/\/www.bremer-imker.de\/bremer-imkerverein\/wp-json\/wp\/v2\/posts\/573","targetHints":{"allow":["GET"]}}],"collection":[{"href":"https:\/\/www.bremer-imker.de\/bremer-imkerverein\/wp-json\/wp\/v2\/posts"}],"about":[{"href":"https:\/\/www.bremer-imker.de\/bremer-imkerverein\/wp-json\/wp\/v2\/types\/post"}],"author":[{"embeddable":true,"href":"https:\/\/www.bremer-imker.de\/bremer-imkerverein\/wp-json\/wp\/v2\/users\/2"}],"replies":[{"embeddable":true,"href":"https:\/\/www.bremer-imker.de\/bremer-imkerverein\/wp-json\/wp\/v2\/comments?post=573"}],"version-history":[{"count":1,"href":"https:\/\/www.bremer-imker.de\/bremer-imkerverein\/wp-json\/wp\/v2\/posts\/573\/revisions"}],"predecessor-version":[{"id":576,"href":"https:\/\/www.bremer-imker.de\/bremer-imkerverein\/wp-json\/wp\/v2\/posts\/573\/revisions\/576"}],"wp:attachment":[{"href":"https:\/\/www.bremer-imker.de\/bremer-imkerverein\/wp-json\/wp\/v2\/media?parent=573"}],"wp:term":[{"taxonomy":"category","embeddable":true,"href":"https:\/\/www.bremer-imker.de\/bremer-imkerverein\/wp-json\/wp\/v2\/categories?post=573"},{"taxonomy":"post_tag","embeddable":true,"href":"https:\/\/www.bremer-imker.de\/bremer-imkerverein\/wp-json\/wp\/v2\/tags?post=573"}],"curies":[{"name":"wp","href":"https:\/\/api.w.org\/{rel}","templated":true}]}}